{"id":795,"date":"2024-06-29T00:04:16","date_gmt":"2024-06-29T00:04:16","guid":{"rendered":"https:\/\/roger-gil.fr\/?p=795"},"modified":"2024-07-16T22:28:56","modified_gmt":"2024-07-16T22:28:56","slug":"elementor-795","status":"publish","type":"post","link":"https:\/\/roger-gil.fr\/?p=795","title":{"rendered":"Alzheimer\u2026 accompagner et aimer jusqu\u2019au bout de la vie"},"content":{"rendered":"\t\t<div data-elementor-type=\"wp-post\" data-elementor-id=\"795\" class=\"elementor elementor-795\">\n\t\t\t\t<div class=\"elementor-element elementor-element-2ab603e e-flex e-con-boxed e-con e-parent\" data-id=\"2ab603e\" data-element_type=\"container\" data-e-type=\"container\">\n\t\t\t\t\t<div class=\"e-con-inner\">\n\t\t\t\t<div class=\"elementor-element elementor-element-0bbed36 elementor-widget elementor-widget-heading\" data-id=\"0bbed36\" data-element_type=\"widget\" data-e-type=\"widget\" data-widget_type=\"heading.default\">\n\t\t\t\t<div class=\"elementor-widget-container\">\n\t\t\t\t\t<h3 class=\"elementor-heading-title elementor-size-default\">Alzheimer\u2026 accompagner et aimer jusqu\u2019au bout de la vie<\/h3>\t\t\t\t<\/div>\n\t\t\t\t<\/div>\n\t\t\t\t<div class=\"elementor-element elementor-element-3f5f3a1 elementor-widget elementor-widget-heading\" data-id=\"3f5f3a1\" data-element_type=\"widget\" data-e-type=\"widget\" data-widget_type=\"heading.default\">\n\t\t\t\t<div class=\"elementor-widget-container\">\n\t\t\t\t\t<h4 class=\"elementor-heading-title elementor-size-default\">Billet \u00e9thique, 22 mai 2024, 134<\/h4>\t\t\t\t<\/div>\n\t\t\t\t<\/div>\n\t\t\t\t\t<\/div>\n\t\t\t\t<\/div>\n\t\t<div class=\"elementor-element elementor-element-7abfbe9 e-flex e-con-boxed e-con e-parent\" data-id=\"7abfbe9\" data-element_type=\"container\" data-e-type=\"container\">\n\t\t\t\t\t<div class=\"e-con-inner\">\n\t\t\t\t<div class=\"elementor-element elementor-element-5a35b38 elementor-widget elementor-widget-heading\" data-id=\"5a35b38\" data-element_type=\"widget\" data-e-type=\"widget\" data-widget_type=\"heading.default\">\n\t\t\t\t<div class=\"elementor-widget-container\">\n\t\t\t\t\t<h6 class=\"elementor-heading-title elementor-size-default\">Roger Gil<\/h6>\t\t\t\t<\/div>\n\t\t\t\t<\/div>\n\t\t\t\t<div class=\"elementor-element elementor-element-641b07b elementor-widget elementor-widget-text-editor\" data-id=\"641b07b\" data-element_type=\"widget\" data-e-type=\"widget\" data-widget_type=\"text-editor.default\">\n\t\t\t\t<div class=\"elementor-widget-container\">\n\t\t\t\t\t\t\t\t\t<p>Elle avait une<a href=\"https:\/\/www.editions-harmattan.fr\/livre-vieillissement_et_alzheimer_comprendre_pour_accompagner_roger_gil-9782336002941-38494.html\" target=\"_blank\" rel=\"noopener\"> maladie d\u2019Alzheimer<\/a> \u00e9volu\u00e9e. Elle \u00e9tait visit\u00e9e en maison de retraite par son \u00e9poux qui l\u2019accompagnait, jour apr\u00e8s jour, depuis le d\u00e9but de la maladie et par sa fille qu\u2019elle semblait ne plus reconna\u00eetre\u2026..<\/p><p>Quant \u00e0 lui, il gardait l&rsquo;impression d&rsquo;\u00eatre reconnu ou presque reconnu car il se souvenait des quelques fois o\u00f9 elle l&rsquo;avait suspect\u00e9 d&rsquo;\u00eatre un sosie imposteur qui ressemblait \u00e0 son mari et \u00e0 qui elle enjoignait de dire o\u00f9 se trouvait son mari. Mais que ressentait-elle exactement? Il se prenait parfois \u00e0 esp\u00e9rer qu&rsquo;elle \u00e9tait comme emprisonn\u00e9e dans un cerveau souffrant qui peinait pour se souvenir, pour dire les mots justes, pour comprendre ce qu&rsquo;on tentait de lui dire, pour reconna\u00eetre ce que pourtant elle voyait mais qu&rsquo;elle restait elle-m\u00eame, intacte, seulement emp\u00each\u00e9e de dire, de reconna\u00eetre, de se souvenir, mais pr\u00e9sente et enferm\u00e9e. Enferm\u00e9e dans un cerveau qui ne lui permettait pas un acc\u00e8s pl\u00e9nier au monde auquel elle n\u2019acc\u00e9dait qu\u2019\u00e0 travers des interstices fragiles et incertains qui parfois se dilataient de mani\u00e8re \u00e9ph\u00e9m\u00e8re en d\u2019\u00e9mouvantes fulgurances. Mais alors d&rsquo;o\u00f9 viendrait la lib\u00e9ration? Cette pens\u00e9e le faisait fr\u00e9mir tant la mort lui paraissait la seule et la plus inacceptable des r\u00e9ponses. Il avait de brefs moments d&rsquo;apaisement quand, au d\u00e9tour d&rsquo;un regard, elle le fixait soudain en esquissant un sourire qui effa\u00e7ait d&rsquo;un trait la dure passivit\u00e9 qui occupait son visage. Il lisait alors dans ces sourires fugaces, tant\u00f4t un mouvement rudimentaire d&rsquo;affection, tant\u00f4t un rappel exhum\u00e9 de leur connivence et il s&rsquo;\u00e9tait r\u00e9solu \u00e0 ne pas en faire des expressions automatis\u00e9es d&rsquo;une mimique qui aurait perdu ses vibrations \u00e9motionnelles. Mais il avait alors l&rsquo;impression de faire un acte de foi, un pari de la tendresse sur l&rsquo;impitoyable. Et il savait ou plut\u00f4t il esp\u00e9rait qu&rsquo;en allant la voir chaque jour, il n&rsquo;\u00e9tait pas mu par le seul d\u00e9sir d&rsquo;\u00e9chapper \u00e0 la culpabilit\u00e9 m\u00eame s&rsquo;il se refusait \u00e0 analyser la r\u00e9signation avec laquelle il prenait si souvent la route qui conduisait \u00e0 la maison de retraite. Il avait le sentiment que le sens le plus profond de ses visites \u00e9tait sans doute la fid\u00e9lit\u00e9 \u00e0 cette femme dont il avait partag\u00e9 la vie et la conviction qu&rsquo;il lui revenait, maintenant, \u00e0 lui seul, d&rsquo;attester du statut qu&rsquo;il continuait de lui reconna\u00eetre.<\/p><p>Il r\u00e9alisa vite que quels que soient les efforts faits par le personnel, l&rsquo;int\u00e9r\u00eat de son \u00e9pouse pour son environnement allait en s&rsquo;\u00e9moussant et que peu \u00e0 peu l&rsquo;\u00e9volution de la maladie acculait \u00e0 limiter progressivement les soins \u00e0 leurs aspects les plus \u00e9l\u00e9mentaires: aider \u00e0 l&rsquo;alimentation, assurer la propret\u00e9 et l&rsquo;hygi\u00e8ne, habiller et d\u00e9shabiller, accompagner quelques pas incertains qui tournaient en rond avant de rejoindre maladroitement un fauteuil. La musique gardait de temps \u00e0 autre des capacit\u00e9s \u00e0 la faire un peu fr\u00e9mir, et il lui arrivait de chantonner ou parfois de se balancer au rythme approximatif des chansons qu&rsquo;elle entendait.<\/p><p>Elle maigrit beaucoup pendant les mois qui suivirent. Sa peau s&rsquo;\u00e9tait creus\u00e9e de sillons fins et profonds. Ses pas \u00e9taient pesants et incertains et parfois elle pi\u00e9tinait sur place avant de s&rsquo;affaler t\u00eate en avant. Des bosses bleues et violettes ponctuaient son front. Le bras charitable d\u2019une employ\u00e9e lui permettait encore de faire chaque jour quelques pas st\u00e9r\u00e9otyp\u00e9s qui tenaient lieu de promenade. Elle ne quittait que fort peu sa chambre o\u00f9 l&rsquo;on finit par lui amener ses repas qu&rsquo;elle mangeait passivement au rythme des bouch\u00e9es que lui administrait l&rsquo;aide-soignante. Elle paraissait vivre dans un monde \u00e9th\u00e9r\u00e9, les yeux absents ou lointains ou mornes. Il finit par s&rsquo;apercevoir qu&rsquo;elle ne souriait plus, comme si elle ne savait plus ou ne voulait plus ou ne pouvait plus. Son corps \u00e9tait comme une m\u00e9canique lourde et inutile dont les sentiments n&rsquo;\u00e9taient plus apparents et en tout cas n&rsquo;\u00e9taient plus offerts au partage. C&rsquo;\u00e9tait un souffle de vie qui ne semblait puls\u00e9 que par les fonctions v\u00e9g\u00e9tatives.<\/p><p>Et pourtant\u00a0! Ce jour-l\u00e0, il s&rsquo;assit \u00e0 c\u00f4t\u00e9 d&rsquo;elle et la regarda longuement. Elle finit par accrocher son regard et ses l\u00e8vres vibr\u00e8rent comme pour tenter un sourire qui restait fig\u00e9. Il crut que sa main s&rsquo;avan\u00e7ait vers lui et il la saisit doucement. Il vit ses yeux briller puis se mouiller de quelques grosses larmes. Il \u00e9tait s\u00fbr qu&rsquo;\u00e0 cette minute, elle le reconnaissait pleinement. Il n&rsquo;\u00e9tait plus l&rsquo;imposteur approximatif, le sosie, mais l&rsquo;\u00e9poux connu, reconnu, pr\u00e9sent, aim\u00e9. Il ressentit dans sa poitrine une douleur d\u00e9chirante qu&rsquo;il accueillit comme une d\u00e9livrance\u2026<\/p><p>Quand l&rsquo;aide-soignante passa un peu plus tard il \u00e9tait effondr\u00e9 \u00e0 ses pieds. Et elle, tendrement, avait laiss\u00e9 aller sa main sur son cou comme pour sceller d&rsquo;un geste d&rsquo;amour leur ultime rencontre o\u00f9 nul ne pouvait discerner o\u00f9 \u00e9tait la vraie mort et o\u00f9 \u00e9tait la vraie vie\u2026<\/p>\t\t\t\t\t\t\t\t<\/div>\n\t\t\t\t<\/div>\n\t\t\t\t\t<\/div>\n\t\t\t\t<\/div>\n\t\t<div class=\"elementor-element elementor-element-8f3f154 e-flex e-con-boxed e-con e-parent\" data-id=\"8f3f154\" data-element_type=\"container\" data-e-type=\"container\">\n\t\t\t\t\t<div class=\"e-con-inner\">\n\t\t\t\t<div class=\"elementor-element elementor-element-1491141 elementor-widget elementor-widget-image\" data-id=\"1491141\" data-element_type=\"widget\" data-e-type=\"widget\" data-widget_type=\"image.default\">\n\t\t\t\t<div class=\"elementor-widget-container\">\n\t\t\t\t\t\t\t\t\t\t\t\t\t\t\t<img fetchpriority=\"high\" decoding=\"async\" width=\"880\" height=\"408\" src=\"https:\/\/roger-gil.fr\/wp-content\/uploads\/2024\/06\/saint-come-et-saint-damien-hr-new-1-1024x475.png\" class=\"attachment-large size-large wp-image-763\" alt=\"Image repr\u00e9sentant Saint C\u00f4me et Saint Damien avec des d\u00e9tails artistiques et iconographiques religieux\" srcset=\"https:\/\/roger-gil.fr\/wp-content\/uploads\/2024\/06\/saint-come-et-saint-damien-hr-new-1-1024x475.png 1024w, https:\/\/roger-gil.fr\/wp-content\/uploads\/2024\/06\/saint-come-et-saint-damien-hr-new-1-300x139.png 300w, https:\/\/roger-gil.fr\/wp-content\/uploads\/2024\/06\/saint-come-et-saint-damien-hr-new-1-768x356.png 768w, https:\/\/roger-gil.fr\/wp-content\/uploads\/2024\/06\/saint-come-et-saint-damien-hr-new-1-1536x712.png 1536w, https:\/\/roger-gil.fr\/wp-content\/uploads\/2024\/06\/saint-come-et-saint-damien-hr-new-1-2048x949.png 2048w\" sizes=\"(max-width: 880px) 100vw, 880px\" \/>\t\t\t\t\t\t\t\t\t\t\t\t\t\t\t<\/div>\n\t\t\t\t<\/div>\n\t\t\t\t\t<\/div>\n\t\t\t\t<\/div>\n\t\t<div class=\"elementor-element elementor-element-85bbba9 e-flex e-con-boxed e-con e-parent\" data-id=\"85bbba9\" data-element_type=\"container\" data-e-type=\"container\">\n\t\t\t\t\t<div class=\"e-con-inner\">\n\t\t\t\t<div class=\"elementor-element elementor-element-4f2f0bc elementor-widget elementor-widget-text-editor\" data-id=\"4f2f0bc\" data-element_type=\"widget\" data-e-type=\"widget\" data-widget_type=\"text-editor.default\">\n\t\t\t\t<div class=\"elementor-widget-container\">\n\t\t\t\t\t\t\t\t\t<p>PDF : cliquer <a href=\"https:\/\/roger-gil.fr\/wp-content\/uploads\/2024\/06\/Alzheimer-jusquau-bout-de-la-vie-21mai-2024.pdf\" target=\"_blank\" rel=\"noopener\"><strong>ICI<\/strong><\/a><\/p>\t\t\t\t\t\t\t\t<\/div>\n\t\t\t\t<\/div>\n\t\t\t\t\t<\/div>\n\t\t\t\t<\/div>\n\t\t\t\t<\/div>\n\t\t","protected":false},"excerpt":{"rendered":"<p>Alzheimer\u2026 accompagner et aimer jusqu\u2019au bout de la vie Billet \u00e9thique, 22 mai 2024, 134 Roger Gil Elle avait une maladie d\u2019Alzheimer \u00e9volu\u00e9e. Elle \u00e9tait visit\u00e9e en maison de retraite par son \u00e9poux qui l\u2019accompagnait, jour apr\u00e8s jour, depuis le d\u00e9but de la maladie et par sa fille qu\u2019elle semblait ne plus reconna\u00eetre\u2026.. Quant \u00e0&hellip; <span class=\"kuorinka-read-more\"><a href=\"https:\/\/roger-gil.fr\/?p=795\" class=\"more-link\">Lire la suite <span class=\"screen-reader-text\">Alzheimer\u2026 accompagner et aimer jusqu\u2019au bout de la vie<\/span><\/a><\/span><\/p>\n","protected":false},"author":3,"featured_media":0,"comment_status":"closed","ping_status":"open","sticky":false,"template":"","format":"standard","meta":{"_crdt_document":"","footnotes":""},"categories":[169],"tags":[167,143,168],"class_list":{"0":"post-795","1":"post","2":"type-post","3":"status-publish","4":"format-standard","6":"category-billet-ethique-vieillissement-alzheimer","7":"tag-alzheimer","8":"tag-bioethique","9":"tag-vieillissement","10":"entry"},"yoast_head":"<!-- This site is optimized with the Yoast SEO plugin v25.9 - https:\/\/yoast.com\/wordpress\/plugins\/seo\/ -->\n<title>Alzheimer\u2026 accompagner et aimer jusqu\u2019au bout de la vie - Neuropsychologie, Bio\u00e9thique, Spiritualit\u00e9<\/title>\n<meta name=\"robots\" content=\"index, follow, max-snippet:-1, max-image-preview:large, max-video-preview:-1\" \/>\n<link rel=\"canonical\" href=\"https:\/\/roger-gil.fr\/?p=795\" \/>\n<meta property=\"og:locale\" content=\"fr_FR\" \/>\n<meta property=\"og:type\" content=\"article\" \/>\n<meta property=\"og:title\" content=\"Alzheimer\u2026 accompagner et aimer jusqu\u2019au bout de la vie - Neuropsychologie, Bio\u00e9thique, Spiritualit\u00e9\" \/>\n<meta property=\"og:description\" content=\"Alzheimer\u2026 accompagner et aimer jusqu\u2019au bout de la vie Billet \u00e9thique, 22 mai 2024, 134 Roger Gil Elle avait une maladie d\u2019Alzheimer \u00e9volu\u00e9e. Elle \u00e9tait visit\u00e9e en maison de retraite par son \u00e9poux qui l\u2019accompagnait, jour apr\u00e8s jour, depuis le d\u00e9but de la maladie et par sa fille qu\u2019elle semblait ne plus reconna\u00eetre\u2026.. Quant \u00e0&hellip; Lire la suite Alzheimer\u2026 accompagner et aimer jusqu\u2019au bout de la vie\" \/>\n<meta property=\"og:url\" content=\"https:\/\/roger-gil.fr\/?p=795\" \/>\n<meta property=\"og:site_name\" content=\"Neuropsychologie, Bio\u00e9thique, Spiritualit\u00e9\" \/>\n<meta property=\"article:published_time\" content=\"2024-06-29T00:04:16+00:00\" \/>\n<meta property=\"article:modified_time\" content=\"2024-07-16T22:28:56+00:00\" \/>\n<meta property=\"og:image\" content=\"http:\/\/roger-gil.fr\/wp-content\/uploads\/2024\/06\/saint-come-et-saint-damien-hr-new-1-1024x475.png\" \/>\n<meta name=\"author\" content=\"Roger Gil\" \/>\n<meta name=\"twitter:card\" content=\"summary_large_image\" \/>\n<meta name=\"twitter:label1\" content=\"\u00c9crit par\" \/>\n\t<meta name=\"twitter:data1\" content=\"Roger Gil\" \/>\n\t<meta name=\"twitter:label2\" content=\"Dur\u00e9e de lecture estim\u00e9e\" \/>\n\t<meta name=\"twitter:data2\" content=\"4 minutes\" \/>\n<script type=\"application\/ld+json\" class=\"yoast-schema-graph\">{\"@context\":\"https:\/\/schema.org\",\"@graph\":[{\"@type\":\"Article\",\"@id\":\"https:\/\/roger-gil.fr\/?p=795#article\",\"isPartOf\":{\"@id\":\"https:\/\/roger-gil.fr\/?p=795\"},\"author\":{\"name\":\"Roger Gil\",\"@id\":\"https:\/\/roger-gil.fr\/#\/schema\/person\/ec69375883cbc8e97a44857780352afb\"},\"headline\":\"Alzheimer\u2026 accompagner et aimer jusqu\u2019au bout de la vie\",\"datePublished\":\"2024-06-29T00:04:16+00:00\",\"dateModified\":\"2024-07-16T22:28:56+00:00\",\"mainEntityOfPage\":{\"@id\":\"https:\/\/roger-gil.fr\/?p=795\"},\"wordCount\":916,\"publisher\":{\"@id\":\"https:\/\/roger-gil.fr\/#\/schema\/person\/ec69375883cbc8e97a44857780352afb\"},\"image\":{\"@id\":\"https:\/\/roger-gil.fr\/?p=795#primaryimage\"},\"thumbnailUrl\":\"http:\/\/roger-gil.fr\/wp-content\/uploads\/2024\/06\/saint-come-et-saint-damien-hr-new-1-1024x475.png\",\"keywords\":[\"Alzheimer\",\"bio\u00e9thique\",\"Vieillissement\"],\"articleSection\":[\"Billet \u00e9thique\/ Vieillissement, Alzheimer\"],\"inLanguage\":\"fr-FR\"},{\"@type\":\"WebPage\",\"@id\":\"https:\/\/roger-gil.fr\/?p=795\",\"url\":\"https:\/\/roger-gil.fr\/?p=795\",\"name\":\"Alzheimer\u2026 accompagner et aimer jusqu\u2019au bout de la vie - Neuropsychologie, Bio\u00e9thique, Spiritualit\u00e9\",\"isPartOf\":{\"@id\":\"https:\/\/roger-gil.fr\/#website\"},\"primaryImageOfPage\":{\"@id\":\"https:\/\/roger-gil.fr\/?p=795#primaryimage\"},\"image\":{\"@id\":\"https:\/\/roger-gil.fr\/?p=795#primaryimage\"},\"thumbnailUrl\":\"http:\/\/roger-gil.fr\/wp-content\/uploads\/2024\/06\/saint-come-et-saint-damien-hr-new-1-1024x475.png\",\"datePublished\":\"2024-06-29T00:04:16+00:00\",\"dateModified\":\"2024-07-16T22:28:56+00:00\",\"breadcrumb\":{\"@id\":\"https:\/\/roger-gil.fr\/?p=795#breadcrumb\"},\"inLanguage\":\"fr-FR\",\"potentialAction\":[{\"@type\":\"ReadAction\",\"target\":[\"https:\/\/roger-gil.fr\/?p=795\"]}]},{\"@type\":\"ImageObject\",\"inLanguage\":\"fr-FR\",\"@id\":\"https:\/\/roger-gil.fr\/?p=795#primaryimage\",\"url\":\"http:\/\/roger-gil.fr\/wp-content\/uploads\/2024\/06\/saint-come-et-saint-damien-hr-new-1-1024x475.png\",\"contentUrl\":\"http:\/\/roger-gil.fr\/wp-content\/uploads\/2024\/06\/saint-come-et-saint-damien-hr-new-1-1024x475.png\"},{\"@type\":\"BreadcrumbList\",\"@id\":\"https:\/\/roger-gil.fr\/?p=795#breadcrumb\",\"itemListElement\":[{\"@type\":\"ListItem\",\"position\":1,\"name\":\"Accueil\",\"item\":\"https:\/\/roger-gil.fr\/\"},{\"@type\":\"ListItem\",\"position\":2,\"name\":\"Alzheimer\u2026 accompagner et aimer jusqu\u2019au bout de la vie\"}]},{\"@type\":\"WebSite\",\"@id\":\"https:\/\/roger-gil.fr\/#website\",\"url\":\"https:\/\/roger-gil.fr\/\",\"name\":\"Neuropsychologie, Bio\u00e9thique, Spiritualit\u00e9\",\"description\":\"Roger Gil : Professeur \u00e9m\u00e9rite de neurologie, doyen honoraire de la Facult\u00e9 de m\u00e9decine pharmacie de l&#039;Universit\u00e9 de Poitiers\",\"publisher\":{\"@id\":\"https:\/\/roger-gil.fr\/#\/schema\/person\/ec69375883cbc8e97a44857780352afb\"},\"potentialAction\":[{\"@type\":\"SearchAction\",\"target\":{\"@type\":\"EntryPoint\",\"urlTemplate\":\"https:\/\/roger-gil.fr\/?s={search_term_string}\"},\"query-input\":{\"@type\":\"PropertyValueSpecification\",\"valueRequired\":true,\"valueName\":\"search_term_string\"}}],\"inLanguage\":\"fr-FR\"},{\"@type\":[\"Person\",\"Organization\"],\"@id\":\"https:\/\/roger-gil.fr\/#\/schema\/person\/ec69375883cbc8e97a44857780352afb\",\"name\":\"Roger Gil\",\"image\":{\"@type\":\"ImageObject\",\"inLanguage\":\"fr-FR\",\"@id\":\"https:\/\/roger-gil.fr\/#\/schema\/person\/image\/\",\"url\":\"https:\/\/roger-gil.fr\/wp-content\/uploads\/2025\/08\/ROGER-GIL.webp\",\"contentUrl\":\"https:\/\/roger-gil.fr\/wp-content\/uploads\/2025\/08\/ROGER-GIL.webp\",\"width\":1024,\"height\":1254,\"caption\":\"Roger Gil\"},\"logo\":{\"@id\":\"https:\/\/roger-gil.fr\/#\/schema\/person\/image\/\"},\"url\":\"https:\/\/roger-gil.fr\/?author=3\"}]}<\/script>\n<!-- \/ Yoast SEO plugin. -->","yoast_head_json":{"title":"Alzheimer\u2026 accompagner et aimer jusqu\u2019au bout de la vie - Neuropsychologie, Bio\u00e9thique, Spiritualit\u00e9","robots":{"index":"index","follow":"follow","max-snippet":"max-snippet:-1","max-image-preview":"max-image-preview:large","max-video-preview":"max-video-preview:-1"},"canonical":"https:\/\/roger-gil.fr\/?p=795","og_locale":"fr_FR","og_type":"article","og_title":"Alzheimer\u2026 accompagner et aimer jusqu\u2019au bout de la vie - Neuropsychologie, Bio\u00e9thique, Spiritualit\u00e9","og_description":"Alzheimer\u2026 accompagner et aimer jusqu\u2019au bout de la vie Billet \u00e9thique, 22 mai 2024, 134 Roger Gil Elle avait une maladie d\u2019Alzheimer \u00e9volu\u00e9e. Elle \u00e9tait visit\u00e9e en maison de retraite par son \u00e9poux qui l\u2019accompagnait, jour apr\u00e8s jour, depuis le d\u00e9but de la maladie et par sa fille qu\u2019elle semblait ne plus reconna\u00eetre\u2026.. Quant \u00e0&hellip; Lire la suite Alzheimer\u2026 accompagner et aimer jusqu\u2019au bout de la vie","og_url":"https:\/\/roger-gil.fr\/?p=795","og_site_name":"Neuropsychologie, Bio\u00e9thique, Spiritualit\u00e9","article_published_time":"2024-06-29T00:04:16+00:00","article_modified_time":"2024-07-16T22:28:56+00:00","og_image":[{"url":"http:\/\/roger-gil.fr\/wp-content\/uploads\/2024\/06\/saint-come-et-saint-damien-hr-new-1-1024x475.png","type":"","width":"","height":""}],"author":"Roger Gil","twitter_card":"summary_large_image","twitter_misc":{"\u00c9crit par":"Roger Gil","Dur\u00e9e de lecture estim\u00e9e":"4 minutes"},"schema":{"@context":"https:\/\/schema.org","@graph":[{"@type":"Article","@id":"https:\/\/roger-gil.fr\/?p=795#article","isPartOf":{"@id":"https:\/\/roger-gil.fr\/?p=795"},"author":{"name":"Roger Gil","@id":"https:\/\/roger-gil.fr\/#\/schema\/person\/ec69375883cbc8e97a44857780352afb"},"headline":"Alzheimer\u2026 accompagner et aimer jusqu\u2019au bout de la vie","datePublished":"2024-06-29T00:04:16+00:00","dateModified":"2024-07-16T22:28:56+00:00","mainEntityOfPage":{"@id":"https:\/\/roger-gil.fr\/?p=795"},"wordCount":916,"publisher":{"@id":"https:\/\/roger-gil.fr\/#\/schema\/person\/ec69375883cbc8e97a44857780352afb"},"image":{"@id":"https:\/\/roger-gil.fr\/?p=795#primaryimage"},"thumbnailUrl":"http:\/\/roger-gil.fr\/wp-content\/uploads\/2024\/06\/saint-come-et-saint-damien-hr-new-1-1024x475.png","keywords":["Alzheimer","bio\u00e9thique","Vieillissement"],"articleSection":["Billet \u00e9thique\/ Vieillissement, Alzheimer"],"inLanguage":"fr-FR"},{"@type":"WebPage","@id":"https:\/\/roger-gil.fr\/?p=795","url":"https:\/\/roger-gil.fr\/?p=795","name":"Alzheimer\u2026 accompagner et aimer jusqu\u2019au bout de la vie - Neuropsychologie, Bio\u00e9thique, Spiritualit\u00e9","isPartOf":{"@id":"https:\/\/roger-gil.fr\/#website"},"primaryImageOfPage":{"@id":"https:\/\/roger-gil.fr\/?p=795#primaryimage"},"image":{"@id":"https:\/\/roger-gil.fr\/?p=795#primaryimage"},"thumbnailUrl":"http:\/\/roger-gil.fr\/wp-content\/uploads\/2024\/06\/saint-come-et-saint-damien-hr-new-1-1024x475.png","datePublished":"2024-06-29T00:04:16+00:00","dateModified":"2024-07-16T22:28:56+00:00","breadcrumb":{"@id":"https:\/\/roger-gil.fr\/?p=795#breadcrumb"},"inLanguage":"fr-FR","potentialAction":[{"@type":"ReadAction","target":["https:\/\/roger-gil.fr\/?p=795"]}]},{"@type":"ImageObject","inLanguage":"fr-FR","@id":"https:\/\/roger-gil.fr\/?p=795#primaryimage","url":"http:\/\/roger-gil.fr\/wp-content\/uploads\/2024\/06\/saint-come-et-saint-damien-hr-new-1-1024x475.png","contentUrl":"http:\/\/roger-gil.fr\/wp-content\/uploads\/2024\/06\/saint-come-et-saint-damien-hr-new-1-1024x475.png"},{"@type":"BreadcrumbList","@id":"https:\/\/roger-gil.fr\/?p=795#breadcrumb","itemListElement":[{"@type":"ListItem","position":1,"name":"Accueil","item":"https:\/\/roger-gil.fr\/"},{"@type":"ListItem","position":2,"name":"Alzheimer\u2026 accompagner et aimer jusqu\u2019au bout de la vie"}]},{"@type":"WebSite","@id":"https:\/\/roger-gil.fr\/#website","url":"https:\/\/roger-gil.fr\/","name":"Neuropsychologie, Bio\u00e9thique, Spiritualit\u00e9","description":"Roger Gil : Professeur \u00e9m\u00e9rite de neurologie, doyen honoraire de la Facult\u00e9 de m\u00e9decine pharmacie de l&#039;Universit\u00e9 de Poitiers","publisher":{"@id":"https:\/\/roger-gil.fr\/#\/schema\/person\/ec69375883cbc8e97a44857780352afb"},"potentialAction":[{"@type":"SearchAction","target":{"@type":"EntryPoint","urlTemplate":"https:\/\/roger-gil.fr\/?s={search_term_string}"},"query-input":{"@type":"PropertyValueSpecification","valueRequired":true,"valueName":"search_term_string"}}],"inLanguage":"fr-FR"},{"@type":["Person","Organization"],"@id":"https:\/\/roger-gil.fr\/#\/schema\/person\/ec69375883cbc8e97a44857780352afb","name":"Roger Gil","image":{"@type":"ImageObject","inLanguage":"fr-FR","@id":"https:\/\/roger-gil.fr\/#\/schema\/person\/image\/","url":"https:\/\/roger-gil.fr\/wp-content\/uploads\/2025\/08\/ROGER-GIL.webp","contentUrl":"https:\/\/roger-gil.fr\/wp-content\/uploads\/2025\/08\/ROGER-GIL.webp","width":1024,"height":1254,"caption":"Roger Gil"},"logo":{"@id":"https:\/\/roger-gil.fr\/#\/schema\/person\/image\/"},"url":"https:\/\/roger-gil.fr\/?author=3"}]}},"_links":{"self":[{"href":"https:\/\/roger-gil.fr\/index.php?rest_route=\/wp\/v2\/posts\/795","targetHints":{"allow":["GET"]}}],"collection":[{"href":"https:\/\/roger-gil.fr\/index.php?rest_route=\/wp\/v2\/posts"}],"about":[{"href":"https:\/\/roger-gil.fr\/index.php?rest_route=\/wp\/v2\/types\/post"}],"author":[{"embeddable":true,"href":"https:\/\/roger-gil.fr\/index.php?rest_route=\/wp\/v2\/users\/3"}],"replies":[{"embeddable":true,"href":"https:\/\/roger-gil.fr\/index.php?rest_route=%2Fwp%2Fv2%2Fcomments&post=795"}],"version-history":[{"count":11,"href":"https:\/\/roger-gil.fr\/index.php?rest_route=\/wp\/v2\/posts\/795\/revisions"}],"predecessor-version":[{"id":853,"href":"https:\/\/roger-gil.fr\/index.php?rest_route=\/wp\/v2\/posts\/795\/revisions\/853"}],"wp:attachment":[{"href":"https:\/\/roger-gil.fr\/index.php?rest_route=%2Fwp%2Fv2%2Fmedia&parent=795"}],"wp:term":[{"taxonomy":"category","embeddable":true,"href":"https:\/\/roger-gil.fr\/index.php?rest_route=%2Fwp%2Fv2%2Fcategories&post=795"},{"taxonomy":"post_tag","embeddable":true,"href":"https:\/\/roger-gil.fr\/index.php?rest_route=%2Fwp%2Fv2%2Ftags&post=795"}],"curies":[{"name":"wp","href":"https:\/\/api.w.org\/{rel}","templated":true}]}}