{"id":2381,"date":"2026-01-27T16:53:11","date_gmt":"2026-01-27T16:53:11","guid":{"rendered":"https:\/\/roger-gil.fr\/?p=2381"},"modified":"2026-01-27T17:08:40","modified_gmt":"2026-01-27T17:08:40","slug":"elementor-2381","status":"publish","type":"post","link":"https:\/\/roger-gil.fr\/?p=2381","title":{"rendered":"Se souvenir inlassablement de David, \u00e9tudiant en m\u00e9decine \u00e0 Poitiers, incarc\u00e9r\u00e9, d\u00e9port\u00e9, assassin\u00e9"},"content":{"rendered":"\t\t<div data-elementor-type=\"wp-post\" data-elementor-id=\"2381\" class=\"elementor elementor-2381\">\n\t\t\t\t<div class=\"elementor-element elementor-element-878eec3 e-flex e-con-boxed e-con e-parent\" data-id=\"878eec3\" data-element_type=\"container\" data-e-type=\"container\">\n\t\t\t\t\t<div class=\"e-con-inner\">\n\t\t\t\t<div class=\"elementor-element elementor-element-35da7f6 elementor-widget elementor-widget-text-editor\" data-id=\"35da7f6\" data-element_type=\"widget\" data-e-type=\"widget\" data-widget_type=\"text-editor.default\">\n\t\t\t\t<div class=\"elementor-widget-container\">\n\t\t\t\t\t\t\t\t\t<p><em><strong>81<sup>\u00e8me<\/sup> anniversaire de la lib\u00e9ration du camp d\u2019Auschwitz<\/strong><\/em><\/p>\t\t\t\t\t\t\t\t<\/div>\n\t\t\t\t<\/div>\n\t\t\t\t\t<\/div>\n\t\t\t\t<\/div>\n\t\t<div class=\"elementor-element elementor-element-4d5dafc e-flex e-con-boxed e-con e-parent\" data-id=\"4d5dafc\" data-element_type=\"container\" data-e-type=\"container\">\n\t\t\t\t\t<div class=\"e-con-inner\">\n\t\t\t\t<div class=\"elementor-element elementor-element-1afbb20 elementor-widget elementor-widget-heading\" data-id=\"1afbb20\" data-element_type=\"widget\" data-e-type=\"widget\" data-widget_type=\"heading.default\">\n\t\t\t\t<div class=\"elementor-widget-container\">\n\t\t\t\t\t<h3 class=\"elementor-heading-title elementor-size-default\">Se souvenir inlassablement de David, \u00e9tudiant en m\u00e9decine \u00e0 Poitiers, incarc\u00e9r\u00e9, d\u00e9port\u00e9, assassin\u00e9 <\/h3>\t\t\t\t<\/div>\n\t\t\t\t<\/div>\n\t\t\t\t\t<\/div>\n\t\t\t\t<\/div>\n\t\t<div class=\"elementor-element elementor-element-da63e06 e-flex e-con-boxed e-con e-parent\" data-id=\"da63e06\" data-element_type=\"container\" data-e-type=\"container\">\n\t\t\t\t\t<div class=\"e-con-inner\">\n\t\t\t\t<div class=\"elementor-element elementor-element-3b1e54f elementor-widget elementor-widget-heading\" data-id=\"3b1e54f\" data-element_type=\"widget\" data-e-type=\"widget\" data-widget_type=\"heading.default\">\n\t\t\t\t<div class=\"elementor-widget-container\">\n\t\t\t\t\t<h4 class=\"elementor-heading-title elementor-size-default\">Roger Gil. Billet \u00e9thique, 27 janvier 2026, 194<\/h4>\t\t\t\t<\/div>\n\t\t\t\t<\/div>\n\t\t\t\t\t<\/div>\n\t\t\t\t<\/div>\n\t\t<div class=\"elementor-element elementor-element-5f1c81e e-flex e-con-boxed e-con e-parent\" data-id=\"5f1c81e\" data-element_type=\"container\" data-e-type=\"container\">\n\t\t\t\t\t<div class=\"e-con-inner\">\n\t\t\t\t<div class=\"elementor-element elementor-element-8ebe031 elementor-widget elementor-widget-text-editor\" data-id=\"8ebe031\" data-element_type=\"widget\" data-e-type=\"widget\" data-widget_type=\"text-editor.default\">\n\t\t\t\t<div class=\"elementor-widget-container\">\n\t\t\t\t\t\t\t\t\t<p>\u00a0 \u00a0 \u00a0 Pendant la guerre de 1939-1945, Poitiers \u00e9tait encore une \u00e9cole de m\u00e9decine et de pharmacie<a href=\"#_ftn1\" name=\"_ftnref1\"><sup>[1]<\/sup><\/a>. Ce 21\u00a0novembre 1940, le directeur pr\u00e9sidait l\u2019assembl\u00e9e des enseignants. Il \u00e9voqua bri\u00e8vement une r\u00e9union du 7\u00a0octobre pr\u00e9c\u00e9dent, premi\u00e8re journ\u00e9e d\u2019enseignement de la rentr\u00e9e universitaire, au cours de laquelle, sur instruction minist\u00e9rielle (adress\u00e9e \u00e0 tous les \u00e9tablissements d\u2019enseignement sup\u00e9rieur de France), il lui avait \u00e9t\u00e9 enjoint de rassembler tous les \u00e9tudiants et apr\u00e8s une minute de silence, de lire un certain nombre d\u2019interventions du mar\u00e9chal P\u00e9tain dont son appel du 25\u00a0juin 1940<a href=\"#_ftn2\" name=\"_ftnref2\"><sup>[2]<\/sup><\/a> d\u00e9taillant les conditions de l\u2019armistice et \u00ab\u00a0conviant\u00a0\u00bb la France \u00e0 un\u00a0 \u00ab\u00a0redressement intellectuel et moral\u00a0\u00bb\u00a0!<a href=\"#_ftn3\" name=\"_ftnref3\"><sup>[3]<\/sup><\/a> La circulaire enjoignait aussi au directeur de prononcer une allocution inspir\u00e9e des \u00ab\u00a0appels du mar\u00e9chal\u00a0\u00bb. Lors de l\u2019assembl\u00e9e du 21\u00a0novembre, le directeur ne souffla mot de cette r\u00e9union dont il \u00e9crira seulement dans son rapport de fin d\u2019ann\u00e9e que la rentr\u00e9e s&rsquo;\u00e9tait effectu\u00e9e selon les instructions pr\u00e9vues, \u00ab\u00a0dans une ambiance en rapport avec la gravit\u00e9 de l\u2019heure\u00a0: des \u00e9tudiants \u00e9tant prisonniers ainsi que deux professeurs\u00a0\u00bb. Par ailleurs, le directeur signala la cr\u00e9ation de l&rsquo;Ordre des M\u00e9decins<a href=\"#_ftn4\" name=\"_ftnref4\"><sup>[4]<\/sup><\/a>. Il informa aussi de la loi inique du 3\u00a0octobre 1940 qui, \u00e9pousant l\u2019id\u00e9ologie nazie, excluait les juifs de la quasi-totalit\u00e9 des fonctions publiques et notamment de l&rsquo;enseignement<a href=\"#_ftn5\" name=\"_ftnref5\"><sup>[5]<\/sup><\/a>. Enfin, il fit \u00e9tat des propositions de la commission des dispenses de droits universitaires. Parmi les dossiers examin\u00e9s favorablement figurait celui de David Kessler.<\/p><p>\u00a0\u00a0\u00a0\u00a0\u00a0\u00a0\u00a0\u00a0 La loi du 21\u00a0juin 1941, mue par la m\u00eame id\u00e9ologie nazie, imposa un quota pour les inscriptions des \u00e9tudiants juifs dans les Universit\u00e9s<a href=\"#_ftn6\" name=\"_ftnref6\"><sup>[6]<\/sup><\/a>, ce qui n\u2019autorisait l\u2019\u00e9cole de m\u00e9decine \u00e0 n\u2019inscrire que deux \u00e9tudiants\u00a0: David Kessler, \u00e9tudiant juif, admis sans formalit\u00e9s comme tout \u00e9tudiant en premi\u00e8re ann\u00e9e de m\u00e9decine, en septembre 1940, demanda l\u2019autorisation de s\u2019inscrire en deuxi\u00e8me ann\u00e9e en septembre 1941, ce qui lui fut bien entendu accord\u00e9. Or, \u00e0 la rentr\u00e9e universitaire d\u2019octobre 1942, la m\u00eame demande d\u2019entr\u00e9e en deuxi\u00e8me ann\u00e9e est formul\u00e9e, ce qui est \u00e0 nouveau accord\u00e9 \u00e0 condition qu\u2019il passe avec succ\u00e8s ses examens de la session d\u2019octobre\u00a01942 et \u00e0 condition qu\u2019il soit \u00ab\u00a0<strong>lib\u00e9r\u00e9 de l&rsquo;incarc\u00e9ration qu&rsquo;il subit actuellement\u00a0\u00bb<\/strong>. Le pi\u00e8ge s&rsquo;\u00e9tait donc referm\u00e9 sur David KESSLER qui n&rsquo;avait donc pas pu passer ses examens en 1941, \u00e9poque \u00e0 laquelle il a \u00e9t\u00e9 arr\u00eat\u00e9 et incarc\u00e9r\u00e9. Nul ne sait comment il avait fait parvenir \u00e0 l\u2019automne\u00a01942, une nouvelle demande d\u2019inscription. Est-ce la direction de l\u2019\u00e9cole de m\u00e9decine qui s\u2019\u00e9tait autosaisie de cette demande apr\u00e8s avoir appris qu\u2019il avait \u00e9t\u00e9 incarc\u00e9r\u00e9\u00a0?<\/p><p>\u00a0\u00a0\u00a0\u00a0\u00a0\u00a0\u00a0\u00a0 Il fallut attendre la lib\u00e9ration de Poitiers pour en savoir plus. C\u2019est lors de la premi\u00e8re r\u00e9union de l&rsquo;\u00e9cole du 16\u00a0octobre 1944 que le directeur avant de passer \u00e0 l&rsquo;ordre du jour adressa un hommage de reconnaissance \u00ab\u00a0\u00e0 tous ceux et \u00e0 toutes celles qui par leur action ouverte ou secr\u00e8te ont contribu\u00e9, dans quelque mesure que ce soit, \u00e0 la lib\u00e9ration du pays\u00a0; \u00e0 tous ceux qui ont \u00e9t\u00e9 victimes de repr\u00e9sailles de la part des Allemands ou ont succomb\u00e9 dans le maquis\u00a0\u00bb. Trois \u00e9tudiants furent alors nomm\u00e9s\u00a0: Jacques Delaunay, \u00e9l\u00e8ve de 2<sup>e<\/sup> ann\u00e9e de m\u00e9decine, fusill\u00e9 le 6\u00a0octobre 1943\u00a0; Bernard Ballin et Jean Estrem; morts \u00ab\u00a0glorieusement\u00a0\u00bb au maquis de la Corr\u00e8ze. Puis le directeur annon\u00e7a qu&rsquo;un quatri\u00e8me \u00e9tudiant, David Kessler avait, malgr\u00e9 l&rsquo;autorisation de suivre les \u00e9tudes de m\u00e9decine dans le cadre du quota r\u00e9serv\u00e9 aux juifs, \u00e9t\u00e9 victime des lois raciales\u00a0: arr\u00eat\u00e9 \u00e0 Ch\u00e2tellerault, il fut emmen\u00e9 au camp de DRANCY et sa trace s&rsquo;\u00e9tait depuis perdue.<\/p><p>\u00a0\u00a0\u00a0\u00a0\u00a0\u00a0\u00a0\u00a0 Apr\u00e8s une longue p\u00e9riode d\u2019oubli, un certain nombre de circonstances permirent de reconstituer l\u2019histoire tragique de David. On put savoir en 2007<a href=\"#_ftn7\" name=\"_ftnref7\"><sup>[7]<\/sup><\/a> que le nom de David Kessler \u00e9tait inscrit sur le m\u00e9morial de la Shoah. L\u2019\u00e9tudiant en m\u00e9decine, parce que juif, avait \u00e9t\u00e9 ex\u00e9cut\u00e9. On touche l\u00e0 \u00e0 l\u2019insupportable r\u00e9alit\u00e9 du crime contre l\u2019humanit\u00e9.<\/p><p>En ce 81<sup>e <\/sup>anniversaire de la lib\u00e9ration du camp d\u2019Auschwitz-Birkenau, le souvenir de David, jeune \u00e9tudiant, coupable d\u2019\u00eatre juif et de s\u2019\u00eatre auto-d\u00e9sign\u00e9 comme juif montre que la m\u00e9moire doit extraire des foules anonymes celles et ceux qui auraient d\u00fb poursuivre leur vie parmi nous et qu\u2019une id\u00e9ologie barbare a os\u00e9 torturer et tuer.<\/p><p>Dans la nouvelle Facult\u00e9 de m\u00e9decine et de pharmacie, construite en 2007, \u00e0 c\u00f4t\u00e9 des noms des doyens qui ont perp\u00e9tu\u00e9 depuis 1431 \u00e0 Poitiers la tradition universitaire figurent, sur une plaque, les noms des trois \u00e9tudiants fusill\u00e9s pour avoir r\u00e9sist\u00e9 pendant la guerre de 1939-1945 et le nom de David Kessler<a href=\"#_ftn8\" name=\"_ftnref8\"><sup>[8]<\/sup><\/a>. Puisse ce marbre offert aux regards, dire \u00e0 qui passe et y pose son regard, l\u2019impossibilit\u00e9 de l\u2019oubli. Car la m\u00e9moire ne prend sens non seulement dans d\u2019immenses c\u00e9r\u00e9monies, mais aussi dans ces noms et ces visages dont il faut sans cesse apprendre \u00e0 ressentir l\u2019insupportable injustice de leur absence dans le quotidien de jours qui leur furent interdits de vivre.<\/p><p><a href=\"#_ftnref1\" name=\"_ftn1\">[1]<\/a> La Facult\u00e9 de m\u00e9decine et de pharmacie \u00e9tait n\u00e9e d\u00e8s la cr\u00e9ation de l\u2019Universit\u00e9 de Poitiers en 1431. Elle fut supprim\u00e9e comme toutes les universit\u00e9s lors de la r\u00e9volution fran\u00e7aise. Quand\u00a0 l\u2019empereur cr\u00e9a l\u2019Universit\u00e9 imp\u00e9riale, Poitiers ne retrouva pas sa Facult\u00e9 de m\u00e9decine, mais une \u00e9cole. Il fallut attendre 1968 pour que Potiers retrouve une Facult\u00e9 de m\u00e9decine et de pharmacie.<\/p><p><a href=\"#_ftnref2\" name=\"_ftn2\">[2]<\/a> Philippe P\u00e9tain, <em>Appels aux Fran\u00e7ais, 1940<\/em> (Paris, France: \u00c9d. d\u2019histoire et d\u2019art\u202f: Plon, 1941).<\/p><p><a href=\"#_ftnref3\" name=\"_ftn3\">[3]<\/a> BS Encyclop\u00e9die. R\u00e9gime de Vichy. Textes officiels. <a href=\"http:\/\/www.encyclopedie.bseditions.fr\/article.php?pArticleId=160&amp;pChapitreId=24028&amp;pSousChapitreId=24030&amp;pArticleLib=25+juin+1940%A0%3A+P%E9tain+annonce+aux+Fran%E7ais+les+conditions+de+l%27armistice+%5BR%E9gime+de+Vichy%3A+textes+officiels-%3ELes+discours+du+Mar%E9chal+P%E9tain%2C+chef+de+l%92Etat%5D\">http:\/\/www.encyclopedie.bseditions.fr\/article.php?pArticleId=160&amp;pChapitreId=24028&amp;pSousChapitreId=24030&amp;pArticleLib=25+juin+1940%A0%3A+P%E9tain+annonce+aux+Fran%E7ais+les+conditions+de+l%27armistice+%5BR%E9gime+de+Vichy%3A+textes+officiels-%3ELes+discours+du+Mar%E9chal+P%E9tain%2C+chef+de+l%92Etat%5D<\/a><\/p><p><a href=\"#_ftnref4\" name=\"_ftn4\">[4]<\/a> 7\u00a0octobre 1940<\/p><p><a href=\"#_ftnref5\" name=\"_ftn5\">[5]<\/a> https:\/\/tel.archives-ouvertes.fr\/tel-00339187v2\/file\/Annexe_4.pdf<\/p><p><a href=\"#_ftnref6\" name=\"_ftn6\">[6]<\/a> Le terme d\u2019Universit\u00e9 ne fait-il r\u00e9f\u00e9rence qu\u2019\u00e0 un ensemble d\u2019enseignants et de professeurs \u00e0 l\u2019image d\u2019une structure close et corporatiste\u00a0? L\u2019\u00e9tymologie renvoie-t-elle ou non \u00e0 des valeurs fondatrices anim\u00e9es au moins par le concept de \u00ab\u00a0rassemblement\u00a0\u00bb ou d\u2019universalit\u00e9\u00a0? M\u00eame si la premi\u00e8re hypoth\u00e8se appara\u00eet plus r\u00e9aliste, Gustave Flaubert dans son <em>Dictionnaire des id\u00e9es re\u00e7ues<\/em>, avait simplement d\u00e9fini l\u2019Universit\u00e9 comme <em>Alma Mater, M\u00e8re nourrici\u00e8re<\/em>\u00a0: Voir Jean Pruvost\u00a0; Pourquoi parle-t-on d\u2019universit\u00e9\u00a0? Le Figaro\u00a0; 28\u00a0avril 2018\u00a0; https:\/\/www.lefigaro.fr\/langue-francaise\/expressions-francaises\/2018\/04\/28\/37003-20180428ARTFIG00015-pourquoi-parle-t-on-d-universite.php<\/p><p><a href=\"#_ftnref7\" name=\"_ftn7\">[7]<\/a> Gr\u00e2ce aux recherches effectu\u00e9es par le Professeur Michel Alcalay<\/p><p><a href=\"#_ftnref8\" name=\"_ftn8\">[8]<\/a> Roger Gil, <em>L\u2019\u00e9cole de m\u00e9decine et de pharmacie de Poitiers: de 1806 \u00e0 la renaissance de la facult\u00e9 (1968)<\/em> (Poitiers, France: \u00c9ditions de l\u2019universit\u00e9 de Poitiers, 2008). Les comptes rendus des conseils et des assembl\u00e9es de l\u2019\u00e9cole de m\u00e9decine qui ont \u00e9t\u00e9 une des sources de cet ouvrage sont maintenant d\u00e9pos\u00e9s aux Archives d\u00e9partementales de la Vienne.<\/p><p>.<\/p>\t\t\t\t\t\t\t\t<\/div>\n\t\t\t\t<\/div>\n\t\t\t\t\t<\/div>\n\t\t\t\t<\/div>\n\t\t<div class=\"elementor-element elementor-element-2aa46df e-flex e-con-boxed e-con e-parent\" data-id=\"2aa46df\" data-element_type=\"container\" data-e-type=\"container\">\n\t\t\t\t\t<div class=\"e-con-inner\">\n\t\t\t\t<div class=\"elementor-element elementor-element-f6abce3 elementor-widget elementor-widget-text-editor\" data-id=\"f6abce3\" data-element_type=\"widget\" data-e-type=\"widget\" data-widget_type=\"text-editor.default\">\n\t\t\t\t<div class=\"elementor-widget-container\">\n\t\t\t\t\t\t\t\t\t<p>NB. C\u2019est le troisi\u00e8me billet \u00e9thique qui \u00e9voque le souvenir de David Kessler, les deux pr\u00e9c\u00e9dents datant de 2020 et de 2022, lors du 75<sup>e<\/sup> anniversaire de la lib\u00e9ration du camp d\u2019Auschwitz.<\/p><p><a href=\"https:\/\/roger-gil.fr\/wp-content\/uploads\/2026\/01\/David-Kessler-2026-.pdf\" target=\"_blank\" rel=\"noopener\"><em><strong>Pour consulter le PDF, cliquer sur le lien suivant:<\/strong><\/em><\/a><\/p><p><em><strong>David KesslerPDF<\/strong><\/em><\/p><p><em><strong>Pour \u00e9couter la version radiophonique:<\/strong><\/em>\u00a0<\/p>\t\t\t\t\t\t\t\t<\/div>\n\t\t\t\t<\/div>\n\t\t\t\t\t<\/div>\n\t\t\t\t<\/div>\n\t\t<div class=\"elementor-element elementor-element-e53502e e-flex e-con-boxed e-con e-parent\" data-id=\"e53502e\" data-element_type=\"container\" data-e-type=\"container\">\n\t\t\t\t\t<div class=\"e-con-inner\">\n\t\t\t\t<div class=\"elementor-element elementor-element-0357912 elementor-widget elementor-widget-video\" data-id=\"0357912\" data-element_type=\"widget\" data-e-type=\"widget\" data-settings=\"{&quot;youtube_url&quot;:&quot;https:\\\/\\\/youtu.be\\\/zoWQEc9i6Ys&quot;,&quot;video_type&quot;:&quot;youtube&quot;,&quot;controls&quot;:&quot;yes&quot;}\" data-widget_type=\"video.default\">\n\t\t\t\t<div class=\"elementor-widget-container\">\n\t\t\t\t\t\t\t<div class=\"elementor-wrapper elementor-open-inline\">\n\t\t\t<div class=\"elementor-video\"><\/div>\t\t<\/div>\n\t\t\t\t\t\t<\/div>\n\t\t\t\t<\/div>\n\t\t\t\t\t<\/div>\n\t\t\t\t<\/div>\n\t\t\t\t<\/div>\n\t\t","protected":false},"excerpt":{"rendered":"<p>81\u00e8me anniversaire de la lib\u00e9ration du camp d\u2019Auschwitz Se souvenir inlassablement de David, \u00e9tudiant en m\u00e9decine \u00e0 Poitiers, incarc\u00e9r\u00e9, d\u00e9port\u00e9, assassin\u00e9 Roger Gil. Billet \u00e9thique, 27 janvier 2026, 194 \u00a0 \u00a0 \u00a0 Pendant la guerre de 1939-1945, Poitiers \u00e9tait encore une \u00e9cole de m\u00e9decine et de pharmacie[1]. Ce 21\u00a0novembre 1940, le directeur pr\u00e9sidait l\u2019assembl\u00e9e des&hellip; <span class=\"kuorinka-read-more\"><a href=\"https:\/\/roger-gil.fr\/?p=2381\" class=\"more-link\">Lire la suite <span class=\"screen-reader-text\">Se souvenir inlassablement de David, \u00e9tudiant en m\u00e9decine \u00e0 Poitiers, incarc\u00e9r\u00e9, d\u00e9port\u00e9, assassin\u00e9<\/span><\/a><\/span><\/p>\n","protected":false},"author":3,"featured_media":0,"comment_status":"closed","ping_status":"open","sticky":false,"template":"","format":"standard","meta":{"_crdt_document":"","footnotes":""},"categories":[177,174],"tags":[143,204],"class_list":{"0":"post-2381","1":"post","2":"type-post","3":"status-publish","4":"format-standard","6":"category-billet-ethique-bioethique-et-societe","7":"category-bioethique","8":"tag-bioethique","9":"tag-chronique-radio","10":"entry"},"yoast_head":"<!-- This site is optimized with the Yoast SEO plugin v25.9 - https:\/\/yoast.com\/wordpress\/plugins\/seo\/ -->\n<title>Se souvenir inlassablement de David, \u00e9tudiant en m\u00e9decine \u00e0 Poitiers, incarc\u00e9r\u00e9, d\u00e9port\u00e9, assassin\u00e9 - Neuropsychologie, Bio\u00e9thique, Spiritualit\u00e9<\/title>\n<meta name=\"robots\" content=\"index, follow, max-snippet:-1, max-image-preview:large, max-video-preview:-1\" \/>\n<link rel=\"canonical\" href=\"https:\/\/roger-gil.fr\/?p=2381\" \/>\n<meta property=\"og:locale\" content=\"fr_FR\" \/>\n<meta property=\"og:type\" content=\"article\" \/>\n<meta property=\"og:title\" content=\"Se souvenir inlassablement de David, \u00e9tudiant en m\u00e9decine \u00e0 Poitiers, incarc\u00e9r\u00e9, d\u00e9port\u00e9, assassin\u00e9 - Neuropsychologie, Bio\u00e9thique, Spiritualit\u00e9\" \/>\n<meta property=\"og:description\" content=\"81\u00e8me anniversaire de la lib\u00e9ration du camp d\u2019Auschwitz Se souvenir inlassablement de David, \u00e9tudiant en m\u00e9decine \u00e0 Poitiers, incarc\u00e9r\u00e9, d\u00e9port\u00e9, assassin\u00e9 Roger Gil. Billet \u00e9thique, 27 janvier 2026, 194 \u00a0 \u00a0 \u00a0 Pendant la guerre de 1939-1945, Poitiers \u00e9tait encore une \u00e9cole de m\u00e9decine et de pharmacie[1]. Ce 21\u00a0novembre 1940, le directeur pr\u00e9sidait l\u2019assembl\u00e9e des&hellip; Lire la suite Se souvenir inlassablement de David, \u00e9tudiant en m\u00e9decine \u00e0 Poitiers, incarc\u00e9r\u00e9, d\u00e9port\u00e9, assassin\u00e9\" \/>\n<meta property=\"og:url\" content=\"https:\/\/roger-gil.fr\/?p=2381\" \/>\n<meta property=\"og:site_name\" content=\"Neuropsychologie, Bio\u00e9thique, Spiritualit\u00e9\" \/>\n<meta property=\"article:published_time\" content=\"2026-01-27T16:53:11+00:00\" \/>\n<meta property=\"article:modified_time\" content=\"2026-01-27T17:08:40+00:00\" \/>\n<meta name=\"author\" content=\"Roger Gil\" \/>\n<meta name=\"twitter:card\" content=\"summary_large_image\" \/>\n<meta name=\"twitter:label1\" content=\"\u00c9crit par\" \/>\n\t<meta name=\"twitter:data1\" content=\"Roger Gil\" \/>\n\t<meta name=\"twitter:label2\" content=\"Dur\u00e9e de lecture estim\u00e9e\" \/>\n\t<meta name=\"twitter:data2\" content=\"6 minutes\" \/>\n<script type=\"application\/ld+json\" class=\"yoast-schema-graph\">{\"@context\":\"https:\/\/schema.org\",\"@graph\":[{\"@type\":\"Article\",\"@id\":\"https:\/\/roger-gil.fr\/?p=2381#article\",\"isPartOf\":{\"@id\":\"https:\/\/roger-gil.fr\/?p=2381\"},\"author\":{\"name\":\"Roger Gil\",\"@id\":\"https:\/\/roger-gil.fr\/#\/schema\/person\/ec69375883cbc8e97a44857780352afb\"},\"headline\":\"Se souvenir inlassablement de David, \u00e9tudiant en m\u00e9decine \u00e0 Poitiers, incarc\u00e9r\u00e9, d\u00e9port\u00e9, assassin\u00e9\",\"datePublished\":\"2026-01-27T16:53:11+00:00\",\"dateModified\":\"2026-01-27T17:08:40+00:00\",\"mainEntityOfPage\":{\"@id\":\"https:\/\/roger-gil.fr\/?p=2381\"},\"wordCount\":1330,\"publisher\":{\"@id\":\"https:\/\/roger-gil.fr\/#\/schema\/person\/ec69375883cbc8e97a44857780352afb\"},\"keywords\":[\"bio\u00e9thique\",\"chronique radio\"],\"articleSection\":[\"Billet \u00e9thique\/Bio\u00e9thique et soci\u00e9t\u00e9\",\"Bio\u00e9thique\"],\"inLanguage\":\"fr-FR\"},{\"@type\":\"WebPage\",\"@id\":\"https:\/\/roger-gil.fr\/?p=2381\",\"url\":\"https:\/\/roger-gil.fr\/?p=2381\",\"name\":\"Se souvenir inlassablement de David, \u00e9tudiant en m\u00e9decine \u00e0 Poitiers, incarc\u00e9r\u00e9, d\u00e9port\u00e9, assassin\u00e9 - Neuropsychologie, Bio\u00e9thique, Spiritualit\u00e9\",\"isPartOf\":{\"@id\":\"https:\/\/roger-gil.fr\/#website\"},\"datePublished\":\"2026-01-27T16:53:11+00:00\",\"dateModified\":\"2026-01-27T17:08:40+00:00\",\"breadcrumb\":{\"@id\":\"https:\/\/roger-gil.fr\/?p=2381#breadcrumb\"},\"inLanguage\":\"fr-FR\",\"potentialAction\":[{\"@type\":\"ReadAction\",\"target\":[\"https:\/\/roger-gil.fr\/?p=2381\"]}]},{\"@type\":\"BreadcrumbList\",\"@id\":\"https:\/\/roger-gil.fr\/?p=2381#breadcrumb\",\"itemListElement\":[{\"@type\":\"ListItem\",\"position\":1,\"name\":\"Accueil\",\"item\":\"https:\/\/roger-gil.fr\/\"},{\"@type\":\"ListItem\",\"position\":2,\"name\":\"Se souvenir inlassablement de David, \u00e9tudiant en m\u00e9decine \u00e0 Poitiers, incarc\u00e9r\u00e9, d\u00e9port\u00e9, assassin\u00e9\"}]},{\"@type\":\"WebSite\",\"@id\":\"https:\/\/roger-gil.fr\/#website\",\"url\":\"https:\/\/roger-gil.fr\/\",\"name\":\"Neuropsychologie, Bio\u00e9thique, Spiritualit\u00e9\",\"description\":\"Roger Gil : Professeur \u00e9m\u00e9rite de neurologie, doyen honoraire de la Facult\u00e9 de m\u00e9decine pharmacie de l&#039;Universit\u00e9 de Poitiers\",\"publisher\":{\"@id\":\"https:\/\/roger-gil.fr\/#\/schema\/person\/ec69375883cbc8e97a44857780352afb\"},\"potentialAction\":[{\"@type\":\"SearchAction\",\"target\":{\"@type\":\"EntryPoint\",\"urlTemplate\":\"https:\/\/roger-gil.fr\/?s={search_term_string}\"},\"query-input\":{\"@type\":\"PropertyValueSpecification\",\"valueRequired\":true,\"valueName\":\"search_term_string\"}}],\"inLanguage\":\"fr-FR\"},{\"@type\":[\"Person\",\"Organization\"],\"@id\":\"https:\/\/roger-gil.fr\/#\/schema\/person\/ec69375883cbc8e97a44857780352afb\",\"name\":\"Roger Gil\",\"image\":{\"@type\":\"ImageObject\",\"inLanguage\":\"fr-FR\",\"@id\":\"https:\/\/roger-gil.fr\/#\/schema\/person\/image\/\",\"url\":\"https:\/\/roger-gil.fr\/wp-content\/uploads\/2025\/08\/ROGER-GIL.webp\",\"contentUrl\":\"https:\/\/roger-gil.fr\/wp-content\/uploads\/2025\/08\/ROGER-GIL.webp\",\"width\":1024,\"height\":1254,\"caption\":\"Roger Gil\"},\"logo\":{\"@id\":\"https:\/\/roger-gil.fr\/#\/schema\/person\/image\/\"},\"url\":\"https:\/\/roger-gil.fr\/?author=3\"}]}<\/script>\n<!-- \/ Yoast SEO plugin. -->","yoast_head_json":{"title":"Se souvenir inlassablement de David, \u00e9tudiant en m\u00e9decine \u00e0 Poitiers, incarc\u00e9r\u00e9, d\u00e9port\u00e9, assassin\u00e9 - Neuropsychologie, Bio\u00e9thique, Spiritualit\u00e9","robots":{"index":"index","follow":"follow","max-snippet":"max-snippet:-1","max-image-preview":"max-image-preview:large","max-video-preview":"max-video-preview:-1"},"canonical":"https:\/\/roger-gil.fr\/?p=2381","og_locale":"fr_FR","og_type":"article","og_title":"Se souvenir inlassablement de David, \u00e9tudiant en m\u00e9decine \u00e0 Poitiers, incarc\u00e9r\u00e9, d\u00e9port\u00e9, assassin\u00e9 - Neuropsychologie, Bio\u00e9thique, Spiritualit\u00e9","og_description":"81\u00e8me anniversaire de la lib\u00e9ration du camp d\u2019Auschwitz Se souvenir inlassablement de David, \u00e9tudiant en m\u00e9decine \u00e0 Poitiers, incarc\u00e9r\u00e9, d\u00e9port\u00e9, assassin\u00e9 Roger Gil. Billet \u00e9thique, 27 janvier 2026, 194 \u00a0 \u00a0 \u00a0 Pendant la guerre de 1939-1945, Poitiers \u00e9tait encore une \u00e9cole de m\u00e9decine et de pharmacie[1]. Ce 21\u00a0novembre 1940, le directeur pr\u00e9sidait l\u2019assembl\u00e9e des&hellip; Lire la suite Se souvenir inlassablement de David, \u00e9tudiant en m\u00e9decine \u00e0 Poitiers, incarc\u00e9r\u00e9, d\u00e9port\u00e9, assassin\u00e9","og_url":"https:\/\/roger-gil.fr\/?p=2381","og_site_name":"Neuropsychologie, Bio\u00e9thique, Spiritualit\u00e9","article_published_time":"2026-01-27T16:53:11+00:00","article_modified_time":"2026-01-27T17:08:40+00:00","author":"Roger Gil","twitter_card":"summary_large_image","twitter_misc":{"\u00c9crit par":"Roger Gil","Dur\u00e9e de lecture estim\u00e9e":"6 minutes"},"schema":{"@context":"https:\/\/schema.org","@graph":[{"@type":"Article","@id":"https:\/\/roger-gil.fr\/?p=2381#article","isPartOf":{"@id":"https:\/\/roger-gil.fr\/?p=2381"},"author":{"name":"Roger Gil","@id":"https:\/\/roger-gil.fr\/#\/schema\/person\/ec69375883cbc8e97a44857780352afb"},"headline":"Se souvenir inlassablement de David, \u00e9tudiant en m\u00e9decine \u00e0 Poitiers, incarc\u00e9r\u00e9, d\u00e9port\u00e9, assassin\u00e9","datePublished":"2026-01-27T16:53:11+00:00","dateModified":"2026-01-27T17:08:40+00:00","mainEntityOfPage":{"@id":"https:\/\/roger-gil.fr\/?p=2381"},"wordCount":1330,"publisher":{"@id":"https:\/\/roger-gil.fr\/#\/schema\/person\/ec69375883cbc8e97a44857780352afb"},"keywords":["bio\u00e9thique","chronique radio"],"articleSection":["Billet \u00e9thique\/Bio\u00e9thique et soci\u00e9t\u00e9","Bio\u00e9thique"],"inLanguage":"fr-FR"},{"@type":"WebPage","@id":"https:\/\/roger-gil.fr\/?p=2381","url":"https:\/\/roger-gil.fr\/?p=2381","name":"Se souvenir inlassablement de David, \u00e9tudiant en m\u00e9decine \u00e0 Poitiers, incarc\u00e9r\u00e9, d\u00e9port\u00e9, assassin\u00e9 - Neuropsychologie, Bio\u00e9thique, Spiritualit\u00e9","isPartOf":{"@id":"https:\/\/roger-gil.fr\/#website"},"datePublished":"2026-01-27T16:53:11+00:00","dateModified":"2026-01-27T17:08:40+00:00","breadcrumb":{"@id":"https:\/\/roger-gil.fr\/?p=2381#breadcrumb"},"inLanguage":"fr-FR","potentialAction":[{"@type":"ReadAction","target":["https:\/\/roger-gil.fr\/?p=2381"]}]},{"@type":"BreadcrumbList","@id":"https:\/\/roger-gil.fr\/?p=2381#breadcrumb","itemListElement":[{"@type":"ListItem","position":1,"name":"Accueil","item":"https:\/\/roger-gil.fr\/"},{"@type":"ListItem","position":2,"name":"Se souvenir inlassablement de David, \u00e9tudiant en m\u00e9decine \u00e0 Poitiers, incarc\u00e9r\u00e9, d\u00e9port\u00e9, assassin\u00e9"}]},{"@type":"WebSite","@id":"https:\/\/roger-gil.fr\/#website","url":"https:\/\/roger-gil.fr\/","name":"Neuropsychologie, Bio\u00e9thique, Spiritualit\u00e9","description":"Roger Gil : Professeur \u00e9m\u00e9rite de neurologie, doyen honoraire de la Facult\u00e9 de m\u00e9decine pharmacie de l&#039;Universit\u00e9 de Poitiers","publisher":{"@id":"https:\/\/roger-gil.fr\/#\/schema\/person\/ec69375883cbc8e97a44857780352afb"},"potentialAction":[{"@type":"SearchAction","target":{"@type":"EntryPoint","urlTemplate":"https:\/\/roger-gil.fr\/?s={search_term_string}"},"query-input":{"@type":"PropertyValueSpecification","valueRequired":true,"valueName":"search_term_string"}}],"inLanguage":"fr-FR"},{"@type":["Person","Organization"],"@id":"https:\/\/roger-gil.fr\/#\/schema\/person\/ec69375883cbc8e97a44857780352afb","name":"Roger Gil","image":{"@type":"ImageObject","inLanguage":"fr-FR","@id":"https:\/\/roger-gil.fr\/#\/schema\/person\/image\/","url":"https:\/\/roger-gil.fr\/wp-content\/uploads\/2025\/08\/ROGER-GIL.webp","contentUrl":"https:\/\/roger-gil.fr\/wp-content\/uploads\/2025\/08\/ROGER-GIL.webp","width":1024,"height":1254,"caption":"Roger Gil"},"logo":{"@id":"https:\/\/roger-gil.fr\/#\/schema\/person\/image\/"},"url":"https:\/\/roger-gil.fr\/?author=3"}]}},"_links":{"self":[{"href":"https:\/\/roger-gil.fr\/index.php?rest_route=\/wp\/v2\/posts\/2381","targetHints":{"allow":["GET"]}}],"collection":[{"href":"https:\/\/roger-gil.fr\/index.php?rest_route=\/wp\/v2\/posts"}],"about":[{"href":"https:\/\/roger-gil.fr\/index.php?rest_route=\/wp\/v2\/types\/post"}],"author":[{"embeddable":true,"href":"https:\/\/roger-gil.fr\/index.php?rest_route=\/wp\/v2\/users\/3"}],"replies":[{"embeddable":true,"href":"https:\/\/roger-gil.fr\/index.php?rest_route=%2Fwp%2Fv2%2Fcomments&post=2381"}],"version-history":[{"count":11,"href":"https:\/\/roger-gil.fr\/index.php?rest_route=\/wp\/v2\/posts\/2381\/revisions"}],"predecessor-version":[{"id":2395,"href":"https:\/\/roger-gil.fr\/index.php?rest_route=\/wp\/v2\/posts\/2381\/revisions\/2395"}],"wp:attachment":[{"href":"https:\/\/roger-gil.fr\/index.php?rest_route=%2Fwp%2Fv2%2Fmedia&parent=2381"}],"wp:term":[{"taxonomy":"category","embeddable":true,"href":"https:\/\/roger-gil.fr\/index.php?rest_route=%2Fwp%2Fv2%2Fcategories&post=2381"},{"taxonomy":"post_tag","embeddable":true,"href":"https:\/\/roger-gil.fr\/index.php?rest_route=%2Fwp%2Fv2%2Ftags&post=2381"}],"curies":[{"name":"wp","href":"https:\/\/api.w.org\/{rel}","templated":true}]}}