{"id":2097,"date":"2025-09-06T13:10:47","date_gmt":"2025-09-06T13:10:47","guid":{"rendered":"https:\/\/roger-gil.fr\/?p=2097"},"modified":"2025-09-06T13:23:17","modified_gmt":"2025-09-06T13:23:17","slug":"elementor-2097","status":"publish","type":"post","link":"https:\/\/roger-gil.fr\/?p=2097","title":{"rendered":"Le principe de non malfaisance : de l\u2019\u00e9thique clinique \u00e0 l\u2019\u00e9thique minimaliste"},"content":{"rendered":"\t\t<div data-elementor-type=\"wp-post\" data-elementor-id=\"2097\" class=\"elementor elementor-2097\">\n\t\t\t\t<div class=\"elementor-element elementor-element-ef15576 e-flex e-con-boxed e-con e-parent\" data-id=\"ef15576\" data-element_type=\"container\" data-e-type=\"container\">\n\t\t\t\t\t<div class=\"e-con-inner\">\n\t\t\t\t<div class=\"elementor-element elementor-element-0919784 elementor-widget elementor-widget-heading\" data-id=\"0919784\" data-element_type=\"widget\" data-e-type=\"widget\" data-widget_type=\"heading.default\">\n\t\t\t\t<div class=\"elementor-widget-container\">\n\t\t\t\t\t<h2 class=\"elementor-heading-title elementor-size-default\">Le principe de non malfaisance : de l\u2019\u00e9thique clinique \u00e0 l\u2019\u00e9thique minimaliste<\/h2>\t\t\t\t<\/div>\n\t\t\t\t<\/div>\n\t\t\t\t\t<\/div>\n\t\t\t\t<\/div>\n\t\t<div class=\"elementor-element elementor-element-7f2fb53 e-flex e-con-boxed e-con e-parent\" data-id=\"7f2fb53\" data-element_type=\"container\" data-e-type=\"container\">\n\t\t\t\t\t<div class=\"e-con-inner\">\n\t\t\t\t<div class=\"elementor-element elementor-element-455aa06 elementor-widget elementor-widget-heading\" data-id=\"455aa06\" data-element_type=\"widget\" data-e-type=\"widget\" data-widget_type=\"heading.default\">\n\t\t\t\t<div class=\"elementor-widget-container\">\n\t\t\t\t\t<h4 class=\"elementor-heading-title elementor-size-default\">Roger Gil. Billet \u00e9thique, 5 septembre 2025, 178<\/h4>\t\t\t\t<\/div>\n\t\t\t\t<\/div>\n\t\t\t\t\t<\/div>\n\t\t\t\t<\/div>\n\t\t<div class=\"elementor-element elementor-element-68ebbca e-flex e-con-boxed e-con e-parent\" data-id=\"68ebbca\" data-element_type=\"container\" data-e-type=\"container\">\n\t\t\t\t\t<div class=\"e-con-inner\">\n\t\t\t\t<div class=\"elementor-element elementor-element-ab6f9f0 elementor-widget elementor-widget-text-editor\" data-id=\"ab6f9f0\" data-element_type=\"widget\" data-e-type=\"widget\" data-widget_type=\"text-editor.default\">\n\t\t\t\t<div class=\"elementor-widget-container\">\n\t\t\t\t\t\t\t\t\t<p>\u00a0 \u00a0 \u00a0 Personne ne devrait infliger le mal ou faire du tort. Telle est la d\u00e9finition que donnent Beauchamp et Childress<a href=\"#_ftn1\" name=\"_ftnref1\"><sup>[1]<\/sup><\/a> du principe de non-malfaisance. Le rapport Belmont<a href=\"#_ftn2\" name=\"_ftnref2\"><sup>[2]<\/sup><\/a> l\u2019a identifi\u00e9 au principe de bienfaisance, ce dernier assimil\u00e9 \u00e0 \u00ab\u00a0faire du bien et ne pas faire de mal\u00a0\u00bb. Il s\u2019en distingue n\u00e9anmoins, car il n\u2019a pas l\u2019aspect positif du principe de bienfaisance et il rel\u00e8ve plut\u00f4t de la prohibition puisqu\u2019il d\u00e9signe ce qu\u2019il n\u2019y a pas lieu de faire.<\/p><p><strong><em>Aux sources de l\u2019adage hippocratique<\/em><\/strong><\/p><p>\u00a0Il est classique, d\u00e8s que ce principe est invoqu\u00e9, de citer l\u2019adage \u00ab\u00a0<em>Primum non nocere<\/em>\u00a0\u00bb, attribu\u00e9 \u00e0 Hippocrate et qui se traduit par \u00ab\u00a0<em>D\u2019abord, ne pas nuire<\/em>\u00a0\u00bb ou encore \u00ab\u00a0<em>En premier, ne pas nuire<\/em>\u00a0\u00bb. Pris \u00e0 la lettre, ce pr\u00e9cepte signifierait soit que l\u2019objectif premier du soin est de ne pas nuire en laissant ouverte implicitement la porte \u00e0 \u00ab\u00a0faire du bien\u00a0\u00bb, soit que, \u00e0 d\u00e9faut de faire le bien, la priorit\u00e9 est \u00e0 ne pas faire de mal. Force est toutefois de constater que cette locution latine n\u2019est pas la traduction exacte de ce qu\u2019Hippocrate avait \u00e9crit en langue grecque et qui peut litt\u00e9ralement se traduire de la mani\u00e8re suivante en la contextualisant\u00a0:<\/p><p>Avoir, dans les maladies, deux choses en vue\u00a0:<em><strong> \u00eatre utile<\/strong> (ou aider ou secourir et par extension soulager<a href=\"#_ftn3\" name=\"_ftnref3\"><sup><strong>[3]<\/strong><\/sup><\/a>),<strong> ou ne pas nuire<\/strong> (ne pas causer du mal).<\/em><\/p><p>On \u00e9noncerait une alternative simple dont le sens peut toutefois \u00eatre renforc\u00e9 en \u00e9non\u00e7ant\u00a0:<\/p><p><em><strong>Soulager, ou alors<\/strong> (sinon, ou du moins pour Littr\u00e9) <strong>ne pas nuire<\/strong><\/em><\/p><p>Cela reviendrait donc \u00e0 penser que l\u2019acte de soins ne comporte que deux vis\u00e9es possibles\u00a0: faire du bien ou ne pas faire de mal. Le sens renforc\u00e9 conduisant \u00e0 penser que la vis\u00e9e du bien est prioritaire, mais que par d\u00e9faut, on doit au moins ne pas faire de mal. La forme grecque de l\u2019adage ne priorise pas comme l\u2019adage latin la non-malfaisance, mais elle priorise la vis\u00e9e du bien \u00e0 condition que l\u2019acte de soins se donne par d\u00e9faut pour r\u00e8gle de ne pas faire de mal donc d\u2019anticiper dans ce sens les cons\u00e9quences de son action qui doit \u00e9viter tout risque de malfaisance.<\/p><p><strong><em>Le principe de non-malfaisance en \u00e9thique clinique<\/em><\/strong><\/p><p>Comme tout principe \u00e9thique, le principe de non-malfaisance doit tenir compte et de donn\u00e9es g\u00e9n\u00e9rales et de donn\u00e9es contextuelles telles qu\u2019elles s\u2019inscrivent par exemple, dans le cadre d\u2019un don d\u2019organes, dans l\u2019histoire de vie du receveur et du donneur. Ainsi, la transplantation r\u00e9nale \u00e0 partir du rein d\u2019un donneur vivant est consid\u00e9r\u00e9e comme \u00e9thiquement acceptable et m\u00eame \u00e9thiquement souhaitable, car elle est conforme au principe de bienfaisance \u00e0 l\u2019\u00e9gard du receveur, insuffisant r\u00e9nal et, m\u00eame si elle ne vise pas \u00ab\u00a0le bien\u00a0\u00bb pour le donneur, elle est consid\u00e9r\u00e9e comme conforme au principe de non-malfaisance, car le pr\u00e9l\u00e8vement d\u2019un greffon r\u00e9nal ne comporte pas de risque vital et les complications, jug\u00e9es \u00ab\u00a0peu s\u00e9v\u00e8res et transitoires\u00a0\u00bb n\u2019affectent pas la qualit\u00e9 de vie<a href=\"#_ftn4\" name=\"_ftnref4\"><sup>[4]<\/sup><\/a>. On ne peut pas en dire autant du pr\u00e9l\u00e8vement h\u00e9patique. Car si le foie r\u00e9g\u00e9n\u00e8re rapidement \u00e0 condition de laisser en place au moins 30\u00a0% de l\u2019organe, la mortalit\u00e9 n\u2019est pas nulle\u00a0: elle a \u00e9t\u00e9 \u00e9valu\u00e9e \u00e0 0,27\u00a0% des cas en Europe et elle est plus importante quand le volume de foie pr\u00e9lev\u00e9 est important ce qui est le cas des h\u00e9patectomies droites pour greffe d\u2019adulte (0,5\u00a0%) alors qu\u2019elle ne serait plus que de 0,1\u00a0% apr\u00e8s h\u00e9patectomie gauche<a href=\"#_ftn5\" name=\"_ftnref5\"><sup>[5]<\/sup><\/a>. Mais m\u00eame si l\u2019on sait la d\u00e9termination des \u00e9quipes chirurgicales \u00e0 tendre vers une mortalit\u00e9 nulle, la mort d\u2019un seul donateur peut-elle \u00eatre consid\u00e9r\u00e9e comme acceptable\u00a0? Et que dire de la morbidit\u00e9, certes de gravit\u00e9 tr\u00e8s in\u00e9gale, mais qui varie quand m\u00eame de 18 \u00e0 60\u00a0%\u00a0? Peut-on consid\u00e9rer que la soci\u00e9t\u00e9 int\u00e8gre de plus en plus la prise de risque \u00e0 l\u2019\u00e9gard de la vie et de la sant\u00e9 d\u2019une personne sit\u00f4t que l\u2019objectif est d\u2019aider une autre personne<a href=\"#_ftn6\" name=\"_ftnref6\"><sup>[6]<\/sup><\/a>? Les recommandations publi\u00e9es par l\u2019Agence de la biom\u00e9decine proposent que, dans le cadre du pr\u00e9l\u00e8vement d\u2019un lobe de foie, \u00ab\u00a0le recours \u00e0 un donneur vivant n\u00e9cessite de s\u2019assurer que le risque pour le donneur est justifi\u00e9 au regard du b\u00e9n\u00e9fice attendu pour le receveur<a href=\"#_ftn7\" name=\"_ftnref7\"><sup>[7]<\/sup><\/a>\u00a0\u00bb. Ces recommandations m\u00e9ritent pour le moins d\u2019\u00eatre m\u00e9dit\u00e9es. Car peut-on \u00e9tablir un principe de proportionnalit\u00e9 entre le risque pour le donneur qui pourrait \u00eatre d\u2019autant plus grand que le b\u00e9n\u00e9fice est grand pour le receveur\u00a0? Le don d\u2019organe ne risque-t-il pas de se transformer en sacrifice de Soi propos\u00e9 au donneur\u00a0? Que ceci ne soit pas la pens\u00e9e explicite de l\u2019Agence de la biom\u00e9decine n\u2019emp\u00eache pas le risque de d\u00e9rive de la repr\u00e9sentation d\u2019un geste qui exige une certaine abn\u00e9gation et dont le caract\u00e8re \u00ab\u00a0exemplaire\u00a0\u00bb laisse tol\u00e9rer des risques. Ainsi l\u2019\u00e9valuation de la non-malfaisance \u00ab\u00a0pr\u00e9visible\u00a0\u00bb\u00a0 d\u2019un don de foie proc\u00e8de d\u2019une \u00e9valuation du donneur potentiel en fonction de son propre \u00e9tat de sant\u00e9 physique et mentale, de ses facteurs de risques, mais aussi d\u2019une \u00e9coute attentive de son histoire, de son r\u00e9cit de vie, de ses motivations, de ses doutes dans une relation intersubjective soutenue par l\u2019empathie. La prise de d\u00e9cision s\u2019int\u00e8gre alors dans une m\u00e9decine de la personne, appuy\u00e9e sur une \u00e9thique narrative ins\u00e9parable d\u2019une \u00e9thique de la compr\u00e9hension <a href=\"#_ftn8\" name=\"_ftnref8\"><sup>[8]<\/sup><\/a>. Ainsi en \u00e9thique clinique, en pr\u00e9sence d\u2019une situation impliquant un processus d\u00e9cisionnel, le principe de bienfaisance est mis en balance avec le principe de non-malfaisance comme il est d\u2019usage dans le cadre de \u00ab\u00a0principlisme<a href=\"#_ftn9\" name=\"_ftnref9\"><sup>[9]<\/sup><\/a>\u00a0\u00bb qui consiste pr\u00e9cis\u00e9ment \u00e0 peser les enjeux \u00e9thiques en analysant les options d\u00e9cisionnelles \u00e0 l\u2019aune de grands principes\u00a0: bienfaisance, non-malfaisance, autonomie, justice.<\/p><p><strong><em>Non-malfaisance et \u00e9thique minimaliste<\/em><\/strong><\/p><p>Mais par ailleurs, le principe de non-malfaisance ou de non-nuisance est aussi la cl\u00e9 de vo\u00fbte d\u2019une th\u00e9orie morale appel\u00e9e \u00e9thique minimaliste<a href=\"#_ftn10\" name=\"_ftnref10\"><sup>[10]<\/sup><\/a> qui estime que le jugement moral doit se limiter \u00e0 la v\u00e9rification de la non-nuisance \u00e0 autrui. Ainsi seuls les torts que l\u2019on cause aux autres peuvent \u00eatre qualifi\u00e9s d\u2019immoraux, ce qui proscrit la violence, le meurtre, le vol. Par contre sont exclus du domaine moral tous les torts que l\u2019on peut causer \u00e0 soi-m\u00eame (toxicomanie, alcoolisme) et m\u00eame les actes de bienfaisance ou l\u2019assistance \u00e0 personnes en danger. En somme pour les minimalistes, il n\u2019y a pas d\u2019immoralit\u00e9 sans qu\u2019il n\u2019y ait de victimes d\u2019une action intentionnelle. On pourrait r\u00e9sumer la morale minimaliste en \u00e9non\u00e7ant que \u00ab\u00a0tout est permis qui ne nuit pas aux autres\u00a0\u00bb.\u00a0 Entendons-nous bien\u00a0: la morale minimaliste ne condamne pas la bienfaisance, mais elle exclut la bienfaisance comme crit\u00e8re d\u2019\u00e9valuation\u00a0 de la conscience morale qui ne se juge qu\u2019\u00e0 travers la non-nuisance faite \u00e0 autrui. La morale minimaliste peut certes r\u00e9soudre de mani\u00e8re rudimentaire les conditions basiques du vivre ensemble\u00a0: le monde serait sans doute meilleur si les \u00eatres humains se dispensaient de faire du mal \u00e0 Autrui. Mais pour autant, peut-on admettre que l\u2019\u00eatre humain puisse tout faire qui ne nuis pas \u00e0 autrui, peut-on admettre que l\u2019\u00eatre humain n\u2019a pas de devoirs envers lui-m\u00eame, peut-on admettre que l\u2019\u00eatre humain a tout pouvoir sur son propre corps\u00a0? Tels sont les questions qui opposent l\u2019\u00e9thique minimaliste \u00e0 l\u2019\u00e9thique maximaliste d\u00e9fendue par Emmanuel Kant<a href=\"#_ftn11\" name=\"_ftnref11\"><sup>[11]<\/sup><\/a>. C\u2019est dans cette opposition que se concentrent les grandes tensions \u00e9thiques du monde contemporain.<\/p><p><a href=\"#_ftnref1\" name=\"_ftn1\">[1]<\/a> Tom L. Beauchamp et James F. Childress, <em>Les principes de l\u2019\u00e9thique biom\u00e9dicale<\/em>, trad. par Martine Fisbach (Les Belles Lettres, 2008).<\/p><p><a href=\"#_ftnref2\" name=\"_ftn2\">[2]<\/a> Rapport Belmont, <em>Principes \u00e9thiques et Directives concernant la Protection des Sujets humains dans le cadre de la recherche. Rapport de la Commission Nationale pour la Protection des Sujets humains dans le cadre de la Recherche Biom\u00e9dicale et B\u00e9havioriste<\/em>, 18 avril 1979, https:\/\/www.erasme.ulb.ac.be\/fr\/enseignement-recherche\/comite-d-ethique\/consensus-ethiques\/rapport-belmont.<\/p><p><a href=\"#_ftnref3\" name=\"_ftn3\">[3]<\/a> Toutefois, soulager ne figure pas dans le dictionnaire Bailly (A. Bailly et \u00c9. Egger, <em>Dictionnaire grec-fran\u00e7ais<\/em>, \u00e9d. par L. S\u00e9chan et P. Chantraine, 1 (Hachette, 1950).\u00a0 ni dans le dictionnaire Pessoneaux (\u00c9mile Pessonneaux, <em>Dictionnaire grec fran\u00e7ais<\/em> (Belin, 1929).<\/p><p><a href=\"#_ftnref4\" name=\"_ftn4\">[4]<\/a> <a href=\"https:\/\/www.dondorganes.fr\/questions\/90\/quels-sont-les-risques-associ%C3%A9s-au-don-dun-rein-%C3%A0-partir-dun-donneur-vivant\">https:\/\/www.dondorganes.fr\/questions\/90\/quels-sont-les-risques-associ%C3%A9s-au-don-dun-rein-%C3%A0-partir-dun-donneur-vivant<\/a><\/p><p><a href=\"#_ftnref5\" name=\"_ftn5\">[5]<\/a> Scatton O., Soubrane O.\u00a0; <em>Transplantation h\u00e9patique \u00e0 donneur vivant apparent\u00e9\u00a0; <\/em><a href=\"http:\/\/web.com\/congres\/cochin2005\/presentation15.pdf\">http:\/\/web.com\/congres\/cochin2005\/presentation15.pdf<\/a>. Le foie droit repr\u00e9sente 60 \u00e0 70\u00a0% de la masse h\u00e9patique totale alors que le foie gauche en repr\u00e9sente 30 \u00e0 40\u00a0%. Le pr\u00e9l\u00e8vement du lobe gauche est plut\u00f4t d\u00e9di\u00e9 \u00e0 l\u2019enfant.<\/p><p><a href=\"#_ftnref6\" name=\"_ftn6\">[6]<\/a> Moore F. Three ethical revolutions\u00a0: Ancient assumptions remodeled under pressure of transplantation\u00a0; <em>Transplantation Proceedings, <\/em>1988, 20, 1, 1061-067.<\/p><p><a href=\"#_ftnref7\" name=\"_ftn7\">[7]<\/a> Agence de la biom\u00e9decine, <em>Recommandations formalis\u00e9es d\u2019experts sur le pr\u00e9l\u00e8vement et la greffe \u00e0 partir de donneur vivant<\/em> (Paris: M\u00e9di-text, 2009), https:\/\/www.agence-biomedecine.fr\/IMG\/pdf\/2009_reco_formalisees_experts_pvlt_greffe_donneurs_vivants_complet.pdf, p. 44.<\/p><p><a href=\"#_ftnref8\" name=\"_ftn8\">[8]<\/a> Roger Gil, <em>Les grandes questions de bio\u00e9thique au XXIe si\u00e8cle dans le d\u00e9bat public<\/em>, Les chemins de l\u2019\u00e9thique (LEH \u00e9ditions, 2018).<\/p><p><a href=\"#_ftnref9\" name=\"_ftn9\">[9]<\/a> Beauchamp et Childress, <em>Les principes de l\u2019\u00e9thique biom\u00e9dicale<\/em>. <em>Op. cit<\/em>. note 1.<\/p><p><a href=\"#_ftnref10\" name=\"_ftn10\">[10]<\/a> Ogien R. Que fait la police morale\u00a0? <em>Terrain, 2007, 48, 29-48.<\/em><\/p><p><a href=\"#_ftnref11\" name=\"_ftn11\">[11]<\/a> \u00ab\u00a0L\u2019homme est une fin, tant \u00e0 lui-m\u00eame qu\u2019aux autres\u00a0\u00bb (Emmanuel Kant, <em>Principes m\u00e9taphysiques de la morale<\/em>, trad. par CJ Tissot (Chez Levrault, 1830).<\/p>\t\t\t\t\t\t\t\t<\/div>\n\t\t\t\t<\/div>\n\t\t\t\t\t<\/div>\n\t\t\t\t<\/div>\n\t\t<div class=\"elementor-element elementor-element-f779806 e-flex e-con-boxed e-con e-parent\" data-id=\"f779806\" data-element_type=\"container\" data-e-type=\"container\">\n\t\t\t\t\t<div class=\"e-con-inner\">\n\t\t\t\t<div class=\"elementor-element elementor-element-317642d elementor-widget elementor-widget-text-editor\" data-id=\"317642d\" data-element_type=\"widget\" data-e-type=\"widget\" data-widget_type=\"text-editor.default\">\n\t\t\t\t<div class=\"elementor-widget-container\">\n\t\t\t\t\t\t\t\t\t<p><strong><em>Pour consulter le PDF, cliquer sur le lien suivant:<\/em><\/strong><\/p><p><a href=\"https:\/\/roger-gil.fr\/wp-content\/uploads\/2025\/09\/Le-principe-de-non-malfaisance.pdf\" target=\"_blank\" rel=\"noopener\"><strong><em>Principe de non-malfaisance PDF<\/em><\/strong><\/a><\/p><p><em><strong>Pour \u00e9couter la version radiophonique br\u00e8ve:\u00a0<\/strong><\/em><\/p>\t\t\t\t\t\t\t\t<\/div>\n\t\t\t\t<\/div>\n\t\t\t\t\t<\/div>\n\t\t\t\t<\/div>\n\t\t<div class=\"elementor-element elementor-element-634280f e-flex e-con-boxed e-con e-parent\" data-id=\"634280f\" data-element_type=\"container\" data-e-type=\"container\">\n\t\t\t\t\t<div class=\"e-con-inner\">\n\t\t\t\t<div class=\"elementor-element elementor-element-2844d65 elementor-widget elementor-widget-video\" data-id=\"2844d65\" data-element_type=\"widget\" data-e-type=\"widget\" data-settings=\"{&quot;youtube_url&quot;:&quot;https:\\\/\\\/youtu.be\\\/TEBLiEaSMug&quot;,&quot;video_type&quot;:&quot;youtube&quot;,&quot;controls&quot;:&quot;yes&quot;}\" data-widget_type=\"video.default\">\n\t\t\t\t<div class=\"elementor-widget-container\">\n\t\t\t\t\t\t\t<div class=\"elementor-wrapper elementor-open-inline\">\n\t\t\t<div class=\"elementor-video\"><\/div>\t\t<\/div>\n\t\t\t\t\t\t<\/div>\n\t\t\t\t<\/div>\n\t\t\t\t\t<\/div>\n\t\t\t\t<\/div>\n\t\t\t\t<\/div>\n\t\t","protected":false},"excerpt":{"rendered":"<p>Le principe de non malfaisance : de l\u2019\u00e9thique clinique \u00e0 l\u2019\u00e9thique minimaliste Roger Gil. Billet \u00e9thique, 5 septembre 2025, 178 \u00a0 \u00a0 \u00a0 Personne ne devrait infliger le mal ou faire du tort. Telle est la d\u00e9finition que donnent Beauchamp et Childress[1] du principe de non-malfaisance. Le rapport Belmont[2] l\u2019a identifi\u00e9 au principe de bienfaisance,&hellip; <span class=\"kuorinka-read-more\"><a href=\"https:\/\/roger-gil.fr\/?p=2097\" class=\"more-link\">Lire la suite <span class=\"screen-reader-text\">Le principe de non malfaisance : de l\u2019\u00e9thique clinique \u00e0 l\u2019\u00e9thique minimaliste<\/span><\/a><\/span><\/p>\n","protected":false},"author":3,"featured_media":0,"comment_status":"closed","ping_status":"open","sticky":false,"template":"","format":"standard","meta":{"_crdt_document":"","footnotes":""},"categories":[208,174],"tags":[143,204,213,214,199],"class_list":{"0":"post-2097","1":"post","2":"type-post","3":"status-publish","4":"format-standard","6":"category-billet-ethique-bioethique-fondamentale","7":"category-bioethique","8":"tag-bioethique","9":"tag-chronique-radio","10":"tag-ethique-clinique","11":"tag-ethique-minimaliste","12":"tag-pratique-des-soins","13":"entry"},"yoast_head":"<!-- This site is optimized with the Yoast SEO plugin v25.9 - https:\/\/yoast.com\/wordpress\/plugins\/seo\/ -->\n<title>Le principe de non malfaisance : de l\u2019\u00e9thique clinique \u00e0 l\u2019\u00e9thique minimaliste - Neuropsychologie, Bio\u00e9thique, Spiritualit\u00e9<\/title>\n<meta name=\"robots\" content=\"index, follow, max-snippet:-1, max-image-preview:large, max-video-preview:-1\" \/>\n<link rel=\"canonical\" href=\"https:\/\/roger-gil.fr\/?p=2097\" \/>\n<meta property=\"og:locale\" content=\"fr_FR\" \/>\n<meta property=\"og:type\" content=\"article\" \/>\n<meta property=\"og:title\" content=\"Le principe de non malfaisance : de l\u2019\u00e9thique clinique \u00e0 l\u2019\u00e9thique minimaliste - Neuropsychologie, Bio\u00e9thique, Spiritualit\u00e9\" \/>\n<meta property=\"og:description\" content=\"Le principe de non malfaisance : de l\u2019\u00e9thique clinique \u00e0 l\u2019\u00e9thique minimaliste Roger Gil. Billet \u00e9thique, 5 septembre 2025, 178 \u00a0 \u00a0 \u00a0 Personne ne devrait infliger le mal ou faire du tort. Telle est la d\u00e9finition que donnent Beauchamp et Childress[1] du principe de non-malfaisance. Le rapport Belmont[2] l\u2019a identifi\u00e9 au principe de bienfaisance,&hellip; Lire la suite Le principe de non malfaisance : de l\u2019\u00e9thique clinique \u00e0 l\u2019\u00e9thique minimaliste\" \/>\n<meta property=\"og:url\" content=\"https:\/\/roger-gil.fr\/?p=2097\" \/>\n<meta property=\"og:site_name\" content=\"Neuropsychologie, Bio\u00e9thique, Spiritualit\u00e9\" \/>\n<meta property=\"article:published_time\" content=\"2025-09-06T13:10:47+00:00\" \/>\n<meta property=\"article:modified_time\" content=\"2025-09-06T13:23:17+00:00\" \/>\n<meta name=\"author\" content=\"Roger Gil\" \/>\n<meta name=\"twitter:card\" content=\"summary_large_image\" \/>\n<meta name=\"twitter:label1\" content=\"\u00c9crit par\" \/>\n\t<meta name=\"twitter:data1\" content=\"Roger Gil\" \/>\n\t<meta name=\"twitter:label2\" content=\"Dur\u00e9e de lecture estim\u00e9e\" \/>\n\t<meta name=\"twitter:data2\" content=\"8 minutes\" \/>\n<script type=\"application\/ld+json\" class=\"yoast-schema-graph\">{\"@context\":\"https:\/\/schema.org\",\"@graph\":[{\"@type\":\"Article\",\"@id\":\"https:\/\/roger-gil.fr\/?p=2097#article\",\"isPartOf\":{\"@id\":\"https:\/\/roger-gil.fr\/?p=2097\"},\"author\":{\"name\":\"Roger Gil\",\"@id\":\"https:\/\/roger-gil.fr\/#\/schema\/person\/ec69375883cbc8e97a44857780352afb\"},\"headline\":\"Le principe de non malfaisance : de l\u2019\u00e9thique clinique \u00e0 l\u2019\u00e9thique minimaliste\",\"datePublished\":\"2025-09-06T13:10:47+00:00\",\"dateModified\":\"2025-09-06T13:23:17+00:00\",\"mainEntityOfPage\":{\"@id\":\"https:\/\/roger-gil.fr\/?p=2097\"},\"wordCount\":1673,\"publisher\":{\"@id\":\"https:\/\/roger-gil.fr\/#\/schema\/person\/ec69375883cbc8e97a44857780352afb\"},\"keywords\":[\"bio\u00e9thique\",\"chronique radio\",\"\u00e9thique clinique\",\"\u00e9thique minimaliste\",\"pratique des soins\"],\"articleSection\":[\"Billet \u00e9thique\/Bio\u00e9thique fondamentale\",\"Bio\u00e9thique\"],\"inLanguage\":\"fr-FR\"},{\"@type\":\"WebPage\",\"@id\":\"https:\/\/roger-gil.fr\/?p=2097\",\"url\":\"https:\/\/roger-gil.fr\/?p=2097\",\"name\":\"Le principe de non malfaisance : de l\u2019\u00e9thique clinique \u00e0 l\u2019\u00e9thique minimaliste - Neuropsychologie, Bio\u00e9thique, Spiritualit\u00e9\",\"isPartOf\":{\"@id\":\"https:\/\/roger-gil.fr\/#website\"},\"datePublished\":\"2025-09-06T13:10:47+00:00\",\"dateModified\":\"2025-09-06T13:23:17+00:00\",\"breadcrumb\":{\"@id\":\"https:\/\/roger-gil.fr\/?p=2097#breadcrumb\"},\"inLanguage\":\"fr-FR\",\"potentialAction\":[{\"@type\":\"ReadAction\",\"target\":[\"https:\/\/roger-gil.fr\/?p=2097\"]}]},{\"@type\":\"BreadcrumbList\",\"@id\":\"https:\/\/roger-gil.fr\/?p=2097#breadcrumb\",\"itemListElement\":[{\"@type\":\"ListItem\",\"position\":1,\"name\":\"Accueil\",\"item\":\"https:\/\/roger-gil.fr\/\"},{\"@type\":\"ListItem\",\"position\":2,\"name\":\"Le principe de non malfaisance : de l\u2019\u00e9thique clinique \u00e0 l\u2019\u00e9thique minimaliste\"}]},{\"@type\":\"WebSite\",\"@id\":\"https:\/\/roger-gil.fr\/#website\",\"url\":\"https:\/\/roger-gil.fr\/\",\"name\":\"Neuropsychologie, Bio\u00e9thique, Spiritualit\u00e9\",\"description\":\"Roger Gil : Professeur \u00e9m\u00e9rite de neurologie, doyen honoraire de la Facult\u00e9 de m\u00e9decine pharmacie de l&#039;Universit\u00e9 de Poitiers\",\"publisher\":{\"@id\":\"https:\/\/roger-gil.fr\/#\/schema\/person\/ec69375883cbc8e97a44857780352afb\"},\"potentialAction\":[{\"@type\":\"SearchAction\",\"target\":{\"@type\":\"EntryPoint\",\"urlTemplate\":\"https:\/\/roger-gil.fr\/?s={search_term_string}\"},\"query-input\":{\"@type\":\"PropertyValueSpecification\",\"valueRequired\":true,\"valueName\":\"search_term_string\"}}],\"inLanguage\":\"fr-FR\"},{\"@type\":[\"Person\",\"Organization\"],\"@id\":\"https:\/\/roger-gil.fr\/#\/schema\/person\/ec69375883cbc8e97a44857780352afb\",\"name\":\"Roger Gil\",\"image\":{\"@type\":\"ImageObject\",\"inLanguage\":\"fr-FR\",\"@id\":\"https:\/\/roger-gil.fr\/#\/schema\/person\/image\/\",\"url\":\"https:\/\/roger-gil.fr\/wp-content\/uploads\/2025\/08\/ROGER-GIL.webp\",\"contentUrl\":\"https:\/\/roger-gil.fr\/wp-content\/uploads\/2025\/08\/ROGER-GIL.webp\",\"width\":1024,\"height\":1254,\"caption\":\"Roger Gil\"},\"logo\":{\"@id\":\"https:\/\/roger-gil.fr\/#\/schema\/person\/image\/\"},\"url\":\"https:\/\/roger-gil.fr\/?author=3\"}]}<\/script>\n<!-- \/ Yoast SEO plugin. -->","yoast_head_json":{"title":"Le principe de non malfaisance : de l\u2019\u00e9thique clinique \u00e0 l\u2019\u00e9thique minimaliste - Neuropsychologie, Bio\u00e9thique, Spiritualit\u00e9","robots":{"index":"index","follow":"follow","max-snippet":"max-snippet:-1","max-image-preview":"max-image-preview:large","max-video-preview":"max-video-preview:-1"},"canonical":"https:\/\/roger-gil.fr\/?p=2097","og_locale":"fr_FR","og_type":"article","og_title":"Le principe de non malfaisance : de l\u2019\u00e9thique clinique \u00e0 l\u2019\u00e9thique minimaliste - Neuropsychologie, Bio\u00e9thique, Spiritualit\u00e9","og_description":"Le principe de non malfaisance : de l\u2019\u00e9thique clinique \u00e0 l\u2019\u00e9thique minimaliste Roger Gil. Billet \u00e9thique, 5 septembre 2025, 178 \u00a0 \u00a0 \u00a0 Personne ne devrait infliger le mal ou faire du tort. Telle est la d\u00e9finition que donnent Beauchamp et Childress[1] du principe de non-malfaisance. Le rapport Belmont[2] l\u2019a identifi\u00e9 au principe de bienfaisance,&hellip; Lire la suite Le principe de non malfaisance : de l\u2019\u00e9thique clinique \u00e0 l\u2019\u00e9thique minimaliste","og_url":"https:\/\/roger-gil.fr\/?p=2097","og_site_name":"Neuropsychologie, Bio\u00e9thique, Spiritualit\u00e9","article_published_time":"2025-09-06T13:10:47+00:00","article_modified_time":"2025-09-06T13:23:17+00:00","author":"Roger Gil","twitter_card":"summary_large_image","twitter_misc":{"\u00c9crit par":"Roger Gil","Dur\u00e9e de lecture estim\u00e9e":"8 minutes"},"schema":{"@context":"https:\/\/schema.org","@graph":[{"@type":"Article","@id":"https:\/\/roger-gil.fr\/?p=2097#article","isPartOf":{"@id":"https:\/\/roger-gil.fr\/?p=2097"},"author":{"name":"Roger Gil","@id":"https:\/\/roger-gil.fr\/#\/schema\/person\/ec69375883cbc8e97a44857780352afb"},"headline":"Le principe de non malfaisance : de l\u2019\u00e9thique clinique \u00e0 l\u2019\u00e9thique minimaliste","datePublished":"2025-09-06T13:10:47+00:00","dateModified":"2025-09-06T13:23:17+00:00","mainEntityOfPage":{"@id":"https:\/\/roger-gil.fr\/?p=2097"},"wordCount":1673,"publisher":{"@id":"https:\/\/roger-gil.fr\/#\/schema\/person\/ec69375883cbc8e97a44857780352afb"},"keywords":["bio\u00e9thique","chronique radio","\u00e9thique clinique","\u00e9thique minimaliste","pratique des soins"],"articleSection":["Billet \u00e9thique\/Bio\u00e9thique fondamentale","Bio\u00e9thique"],"inLanguage":"fr-FR"},{"@type":"WebPage","@id":"https:\/\/roger-gil.fr\/?p=2097","url":"https:\/\/roger-gil.fr\/?p=2097","name":"Le principe de non malfaisance : de l\u2019\u00e9thique clinique \u00e0 l\u2019\u00e9thique minimaliste - Neuropsychologie, Bio\u00e9thique, Spiritualit\u00e9","isPartOf":{"@id":"https:\/\/roger-gil.fr\/#website"},"datePublished":"2025-09-06T13:10:47+00:00","dateModified":"2025-09-06T13:23:17+00:00","breadcrumb":{"@id":"https:\/\/roger-gil.fr\/?p=2097#breadcrumb"},"inLanguage":"fr-FR","potentialAction":[{"@type":"ReadAction","target":["https:\/\/roger-gil.fr\/?p=2097"]}]},{"@type":"BreadcrumbList","@id":"https:\/\/roger-gil.fr\/?p=2097#breadcrumb","itemListElement":[{"@type":"ListItem","position":1,"name":"Accueil","item":"https:\/\/roger-gil.fr\/"},{"@type":"ListItem","position":2,"name":"Le principe de non malfaisance : de l\u2019\u00e9thique clinique \u00e0 l\u2019\u00e9thique minimaliste"}]},{"@type":"WebSite","@id":"https:\/\/roger-gil.fr\/#website","url":"https:\/\/roger-gil.fr\/","name":"Neuropsychologie, Bio\u00e9thique, Spiritualit\u00e9","description":"Roger Gil : Professeur \u00e9m\u00e9rite de neurologie, doyen honoraire de la Facult\u00e9 de m\u00e9decine pharmacie de l&#039;Universit\u00e9 de Poitiers","publisher":{"@id":"https:\/\/roger-gil.fr\/#\/schema\/person\/ec69375883cbc8e97a44857780352afb"},"potentialAction":[{"@type":"SearchAction","target":{"@type":"EntryPoint","urlTemplate":"https:\/\/roger-gil.fr\/?s={search_term_string}"},"query-input":{"@type":"PropertyValueSpecification","valueRequired":true,"valueName":"search_term_string"}}],"inLanguage":"fr-FR"},{"@type":["Person","Organization"],"@id":"https:\/\/roger-gil.fr\/#\/schema\/person\/ec69375883cbc8e97a44857780352afb","name":"Roger Gil","image":{"@type":"ImageObject","inLanguage":"fr-FR","@id":"https:\/\/roger-gil.fr\/#\/schema\/person\/image\/","url":"https:\/\/roger-gil.fr\/wp-content\/uploads\/2025\/08\/ROGER-GIL.webp","contentUrl":"https:\/\/roger-gil.fr\/wp-content\/uploads\/2025\/08\/ROGER-GIL.webp","width":1024,"height":1254,"caption":"Roger Gil"},"logo":{"@id":"https:\/\/roger-gil.fr\/#\/schema\/person\/image\/"},"url":"https:\/\/roger-gil.fr\/?author=3"}]}},"_links":{"self":[{"href":"https:\/\/roger-gil.fr\/index.php?rest_route=\/wp\/v2\/posts\/2097","targetHints":{"allow":["GET"]}}],"collection":[{"href":"https:\/\/roger-gil.fr\/index.php?rest_route=\/wp\/v2\/posts"}],"about":[{"href":"https:\/\/roger-gil.fr\/index.php?rest_route=\/wp\/v2\/types\/post"}],"author":[{"embeddable":true,"href":"https:\/\/roger-gil.fr\/index.php?rest_route=\/wp\/v2\/users\/3"}],"replies":[{"embeddable":true,"href":"https:\/\/roger-gil.fr\/index.php?rest_route=%2Fwp%2Fv2%2Fcomments&post=2097"}],"version-history":[{"count":8,"href":"https:\/\/roger-gil.fr\/index.php?rest_route=\/wp\/v2\/posts\/2097\/revisions"}],"predecessor-version":[{"id":2108,"href":"https:\/\/roger-gil.fr\/index.php?rest_route=\/wp\/v2\/posts\/2097\/revisions\/2108"}],"wp:attachment":[{"href":"https:\/\/roger-gil.fr\/index.php?rest_route=%2Fwp%2Fv2%2Fmedia&parent=2097"}],"wp:term":[{"taxonomy":"category","embeddable":true,"href":"https:\/\/roger-gil.fr\/index.php?rest_route=%2Fwp%2Fv2%2Fcategories&post=2097"},{"taxonomy":"post_tag","embeddable":true,"href":"https:\/\/roger-gil.fr\/index.php?rest_route=%2Fwp%2Fv2%2Ftags&post=2097"}],"curies":[{"name":"wp","href":"https:\/\/api.w.org\/{rel}","templated":true}]}}