{"id":1873,"date":"2025-06-06T21:20:41","date_gmt":"2025-06-06T21:20:41","guid":{"rendered":"https:\/\/roger-gil.fr\/?p=1873"},"modified":"2025-06-06T22:41:55","modified_gmt":"2025-06-06T22:41:55","slug":"elementor-1873","status":"publish","type":"post","link":"https:\/\/roger-gil.fr\/?p=1873","title":{"rendered":"Le crit\u00e8re de \u00ab qualit\u00e9 de vie affect\u00e9e \u00bb est un puissant levier d\u2019\u00e9largissement de l\u2019\u00e9ligibilit\u00e9 \u00e0 l\u2019aide active \u00e0 mourir dans une soci\u00e9t\u00e9 capacitiste"},"content":{"rendered":"\t\t<div data-elementor-type=\"wp-post\" data-elementor-id=\"1873\" class=\"elementor elementor-1873\">\n\t\t\t\t<div class=\"elementor-element elementor-element-4e94fd1 e-flex e-con-boxed e-con e-parent\" data-id=\"4e94fd1\" data-element_type=\"container\" data-e-type=\"container\">\n\t\t\t\t\t<div class=\"e-con-inner\">\n\t\t\t\t<div class=\"elementor-element elementor-element-b430cd5 elementor-widget elementor-widget-image\" data-id=\"b430cd5\" data-element_type=\"widget\" data-e-type=\"widget\" data-widget_type=\"image.default\">\n\t\t\t\t<div class=\"elementor-widget-container\">\n\t\t\t\t\t\t\t\t\t\t\t\t\t\t\t<img decoding=\"async\" src=\"https:\/\/youtu.be\/YLHdBLJwJ1E\" title=\"\" alt=\"\" loading=\"lazy\" \/>\t\t\t\t\t\t\t\t\t\t\t\t\t\t\t<\/div>\n\t\t\t\t<\/div>\n\t\t\t\t\t<\/div>\n\t\t\t\t<\/div>\n\t\t<div class=\"elementor-element elementor-element-54e70bb e-flex e-con-boxed e-con e-parent\" data-id=\"54e70bb\" data-element_type=\"container\" data-e-type=\"container\">\n\t\t\t\t\t<div class=\"e-con-inner\">\n\t\t\t\t<div class=\"elementor-element elementor-element-e1bb1eb elementor-widget elementor-widget-heading\" data-id=\"e1bb1eb\" data-element_type=\"widget\" data-e-type=\"widget\" data-widget_type=\"heading.default\">\n\t\t\t\t<div class=\"elementor-widget-container\">\n\t\t\t\t\t<h3 class=\"elementor-heading-title elementor-size-default\">Le crit\u00e8re de \u00ab qualit\u00e9 de vie affect\u00e9e \u00bb est un puissant levier d\u2019\u00e9largissement de l\u2019\u00e9ligibilit\u00e9 \u00e0 l\u2019aide active \u00e0 mourir dans une soci\u00e9t\u00e9 capacitiste<\/h3>\t\t\t\t<\/div>\n\t\t\t\t<\/div>\n\t\t\t\t\t<\/div>\n\t\t\t\t<\/div>\n\t\t<div class=\"elementor-element elementor-element-6462b3a e-flex e-con-boxed e-con e-parent\" data-id=\"6462b3a\" data-element_type=\"container\" data-e-type=\"container\">\n\t\t\t\t\t<div class=\"e-con-inner\">\n\t\t\t\t<div class=\"elementor-element elementor-element-e7189ec elementor-widget elementor-widget-heading\" data-id=\"e7189ec\" data-element_type=\"widget\" data-e-type=\"widget\" data-widget_type=\"heading.default\">\n\t\t\t\t<div class=\"elementor-widget-container\">\n\t\t\t\t\t<h5 class=\"elementor-heading-title elementor-size-default\">Billet \u00e9thique, 6 juin 2025, 167<\/h5>\t\t\t\t<\/div>\n\t\t\t\t<\/div>\n\t\t\t\t\t<\/div>\n\t\t\t\t<\/div>\n\t\t<div class=\"elementor-element elementor-element-200c6b6 e-flex e-con-boxed e-con e-parent\" data-id=\"200c6b6\" data-element_type=\"container\" data-e-type=\"container\">\n\t\t\t\t\t<div class=\"e-con-inner\">\n\t\t\t\t<div class=\"elementor-element elementor-element-d516332 elementor-widget elementor-widget-text-editor\" data-id=\"d516332\" data-element_type=\"widget\" data-e-type=\"widget\" data-widget_type=\"text-editor.default\">\n\t\t\t\t<div class=\"elementor-widget-container\">\n\t\t\t\t\t\t\t\t\t<p>\u00a0 \u00a0 \u00a0Si la Haute Autorit\u00e9 de sant\u00e9 a indiqu\u00e9 l\u2019alt\u00e9ration de la qualit\u00e9 de vie comme l\u2019un des crit\u00e8res caract\u00e9risant la phase avanc\u00e9e d\u2019une affection grave et incurable, il est difficilement compr\u00e9hensible que ce concept ait \u00e9t\u00e9 introduit sans pr\u00e9caution dans le projet de loi vot\u00e9 par l\u2019Assembl\u00e9e nationale le 27 mai 2025 et traitant de l\u2019\u00e9ligibilit\u00e9 \u00e0 demander une assistance au suicide ou une euthanasie. En effet<\/p><p>&#8211; si la phase avanc\u00e9e d\u2019une affection grave et incurable affecte la qualit\u00e9 de vie, bien d\u2019autres situations de maladie ou de handicap peuvent l\u2019affecter\u00a0;<\/p><p>&#8211; affecter la qualit\u00e9 de vie n\u2019est pas un tout ou rien et aucune pr\u00e9cision n\u2019est donn\u00e9e sur le degr\u00e9 ou la mani\u00e8re dont la qualit\u00e9 de vie est affect\u00e9e, ce qui contribue \u00e0 rendre floues les conditions d\u2019\u00e9ligibilit\u00e9 \u00e0 la mort\u00a0;<\/p><p>-trop souvent, la qualit\u00e9 de vie est un concept compris de mani\u00e8re sommaire et centr\u00e9e sur la \u00ab\u00a0d\u00e9ficience\u00a0\u00bb, alors qu\u2019il s\u2019agit d\u2019un concept multidimensionnel impliquant par exemple l\u2019activit\u00e9 physique, les douleurs physiques, la sant\u00e9 per\u00e7ue, la vie et les relations avec les autres\u00a0: il suffit d\u2019ailleurs de se reporter aux nombreux travaux collig\u00e9s par la Haute Autorit\u00e9 de Sant\u00e9 pour comprendre la complexit\u00e9 de l\u2019\u00e9valuation de la qualit\u00e9 de vie, qui n\u00e9cessite l\u2019utilisation d\u2019instruments de mesure faits de questionnaires destin\u00e9s \u00e0 cerner de mani\u00e8re pr\u00e9cise si et en quoi la qualit\u00e9 de vie est affect\u00e9e\u00a0;<\/p><p>&#8211; seule la personne malade peut r\u00e9pondre au sujet des diff\u00e9rents \u00e9l\u00e9ments qui d\u00e9terminent sa qualit\u00e9 de vie\u00a0; or trop souvent, on croit encore que c\u2019est \u00e0 l\u2019observateur voire \u00e0 l\u2019entourage de juger de la qualit\u00e9 de vie de quelqu\u2019un d\u2019autre en raison de leurs propres repr\u00e9sentations d\u2019une d\u00e9ficience qui conduiraient \u00e0 penser que la vie de quelqu\u2019un vaudrait ou ne vaudrait pas la peine d\u2019\u00eatre v\u00e9cue. C\u2019est cette conception capacitiste de la qualit\u00e9 de vie qui risque de pr\u00e9valoir dans cette loi si l\u2019entourage ou l\u2019observateur consid\u00e8rent qu\u2019il leur revient de juger de la qualit\u00e9 de vie d\u2019une personne malade\u00a0;<\/p><p>-ceci explique qu\u2019une m\u00eame \u00ab\u00a0d\u00e9ficience\u00a0\u00bb peut ou non affecter la qualit\u00e9 de vie et que l\u2019isolement social, les difficult\u00e9s \u00e0 acc\u00e9der \u00e0 des soins adapt\u00e9s (comme les soins contre la douleur ou les soins palliatifs ou m\u00eame bien s\u00fbr l\u2019acc\u00e8s \u00e0 un m\u00e9decin dans les territoires d\u00e9favoris\u00e9s), les difficult\u00e9s relationnelles avec l\u2019entourage sont des facteurs puissants d\u2019alt\u00e9ration de la qualit\u00e9 de vie\u00a0;<\/p><p>&#8211; le caract\u00e8re exp\u00e9ditif de la proc\u00e9dure pr\u00e9vue par cette loi, sa coll\u00e9gialit\u00e9 vid\u00e9e de toute substance (le deuxi\u00e8me m\u00e9decin peut ne pas avoir rencontr\u00e9 la personne malade) ne donnent aucune garantie sur l\u2019\u00e9valuation de la qualit\u00e9 de vie et sur le devoir d\u2019agir sur ses d\u00e9terminants (par exemple la douleur, l\u2019accompagnement)\u00a0;<\/p><p>-une interpr\u00e9tation sommaire du concept de qualit\u00e9 de vie \u00e9largit de mani\u00e8re massive l\u2019\u00e9ligibilit\u00e9 \u00e0 l\u2019aide active \u00e0 mourir qui deviendra la solution la plus facilement accessible pour les personnes les plus humbles, les plus \u00e2g\u00e9es, les plus isol\u00e9es. C\u2019est une des raisons, parmi beaucoup d\u2019autres, qui font que cette loi, dans sa r\u00e9daction actuelle, ne donne pas les garanties n\u00e9cessaires au respect de l\u2019autonomie des personnes vuln\u00e9rables.<\/p>\t\t\t\t\t\t\t\t<\/div>\n\t\t\t\t<\/div>\n\t\t\t\t\t<\/div>\n\t\t\t\t<\/div>\n\t\t<div class=\"elementor-element elementor-element-da7e90e e-flex e-con-boxed e-con e-parent\" data-id=\"da7e90e\" data-element_type=\"container\" data-e-type=\"container\">\n\t\t\t\t\t<div class=\"e-con-inner\">\n\t\t\t\t<div class=\"elementor-element elementor-element-c64ff5d elementor-widget elementor-widget-text-editor\" data-id=\"c64ff5d\" data-element_type=\"widget\" data-e-type=\"widget\" data-widget_type=\"text-editor.default\">\n\t\t\t\t<div class=\"elementor-widget-container\">\n\t\t\t\t\t\t\t\t\t<p><em><strong>Pour consulter le PDF, cliquer sur le lien suivant<\/strong><\/em><\/p><p><a href=\"https:\/\/roger-gil.fr\/wp-content\/uploads\/2025\/06\/Qualite-de-vie-et-aide-a-mourir.pdf\" target=\"_blank\" rel=\"noopener\"><em><strong>Qualit\u00e9 de vie et droit \u00e0 mourir pdf<\/strong><\/em><\/a><\/p>\t\t\t\t\t\t\t\t<\/div>\n\t\t\t\t<\/div>\n\t\t\t\t\t<\/div>\n\t\t\t\t<\/div>\n\t\t<div class=\"elementor-element elementor-element-ff67bf8 e-flex e-con-boxed e-con e-parent\" data-id=\"ff67bf8\" data-element_type=\"container\" data-e-type=\"container\">\n\t\t\t\t\t<div class=\"e-con-inner\">\n\t\t\t\t<div class=\"elementor-element elementor-element-c1da7f2 elementor-widget elementor-widget-text-editor\" data-id=\"c1da7f2\" data-element_type=\"widget\" data-e-type=\"widget\" data-widget_type=\"text-editor.default\">\n\t\t\t\t<div class=\"elementor-widget-container\">\n\t\t\t\t\t\t\t\t\t<p><em><strong>Pour \u00e9couter la version radiophonique, cliquer sur le lien suivant:<\/strong><\/em><\/p><p><a href=\"https:\/\/youtu.be\/YLHdBLJwJ1E\" target=\"_blank\" rel=\"noopener\"><em><strong>Qualit\u00e9 de vie et fin de vie version audio<\/strong><\/em><\/a><\/p>\t\t\t\t\t\t\t\t<\/div>\n\t\t\t\t<\/div>\n\t\t\t\t\t<\/div>\n\t\t\t\t<\/div>\n\t\t\t\t<\/div>\n\t\t","protected":false},"excerpt":{"rendered":"<p>Le crit\u00e8re de \u00ab qualit\u00e9 de vie affect\u00e9e \u00bb est un puissant levier d\u2019\u00e9largissement de l\u2019\u00e9ligibilit\u00e9 \u00e0 l\u2019aide active \u00e0 mourir dans une soci\u00e9t\u00e9 capacitiste Billet \u00e9thique, 6 juin 2025, 167 \u00a0 \u00a0 \u00a0Si la Haute Autorit\u00e9 de sant\u00e9 a indiqu\u00e9 l\u2019alt\u00e9ration de la qualit\u00e9 de vie comme l\u2019un des crit\u00e8res caract\u00e9risant la phase avanc\u00e9e&hellip; <span class=\"kuorinka-read-more\"><a href=\"https:\/\/roger-gil.fr\/?p=1873\" class=\"more-link\">Lire la suite <span class=\"screen-reader-text\">Le crit\u00e8re de \u00ab qualit\u00e9 de vie affect\u00e9e \u00bb est un puissant levier d\u2019\u00e9largissement de l\u2019\u00e9ligibilit\u00e9 \u00e0 l\u2019aide active \u00e0 mourir dans une soci\u00e9t\u00e9 capacitiste<\/span><\/a><\/span><\/p>\n","protected":false},"author":3,"featured_media":0,"comment_status":"closed","ping_status":"open","sticky":false,"template":"","format":"standard","meta":{"_crdt_document":"","footnotes":""},"categories":[206,174],"tags":[143,207,82],"class_list":{"0":"post-1873","1":"post","2":"type-post","3":"status-publish","4":"format-standard","6":"category-billet-ethique-fin-de-vie-soins-palliatifs","7":"category-bioethique","8":"tag-bioethique","9":"tag-euthanasie-et-suicide-assiste","10":"tag-fin-de-vie","11":"entry"},"yoast_head":"<!-- This site is optimized with the Yoast SEO plugin v25.9 - https:\/\/yoast.com\/wordpress\/plugins\/seo\/ -->\n<title>Le crit\u00e8re de \u00ab qualit\u00e9 de vie affect\u00e9e \u00bb est un puissant levier d\u2019\u00e9largissement de l\u2019\u00e9ligibilit\u00e9 \u00e0 l\u2019aide active \u00e0 mourir dans une soci\u00e9t\u00e9 capacitiste - Neuropsychologie, Bio\u00e9thique, Spiritualit\u00e9<\/title>\n<meta name=\"robots\" content=\"index, follow, max-snippet:-1, max-image-preview:large, max-video-preview:-1\" \/>\n<link rel=\"canonical\" href=\"https:\/\/roger-gil.fr\/?p=1873\" \/>\n<meta property=\"og:locale\" content=\"fr_FR\" \/>\n<meta property=\"og:type\" content=\"article\" \/>\n<meta property=\"og:title\" content=\"Le crit\u00e8re de \u00ab qualit\u00e9 de vie affect\u00e9e \u00bb est un puissant levier d\u2019\u00e9largissement de l\u2019\u00e9ligibilit\u00e9 \u00e0 l\u2019aide active \u00e0 mourir dans une soci\u00e9t\u00e9 capacitiste - Neuropsychologie, Bio\u00e9thique, Spiritualit\u00e9\" \/>\n<meta property=\"og:description\" content=\"Le crit\u00e8re de \u00ab qualit\u00e9 de vie affect\u00e9e \u00bb est un puissant levier d\u2019\u00e9largissement de l\u2019\u00e9ligibilit\u00e9 \u00e0 l\u2019aide active \u00e0 mourir dans une soci\u00e9t\u00e9 capacitiste Billet \u00e9thique, 6 juin 2025, 167 \u00a0 \u00a0 \u00a0Si la Haute Autorit\u00e9 de sant\u00e9 a indiqu\u00e9 l\u2019alt\u00e9ration de la qualit\u00e9 de vie comme l\u2019un des crit\u00e8res caract\u00e9risant la phase avanc\u00e9e&hellip; Lire la suite Le crit\u00e8re de \u00ab qualit\u00e9 de vie affect\u00e9e \u00bb est un puissant levier d\u2019\u00e9largissement de l\u2019\u00e9ligibilit\u00e9 \u00e0 l\u2019aide active \u00e0 mourir dans une soci\u00e9t\u00e9 capacitiste\" \/>\n<meta property=\"og:url\" content=\"https:\/\/roger-gil.fr\/?p=1873\" \/>\n<meta property=\"og:site_name\" content=\"Neuropsychologie, Bio\u00e9thique, Spiritualit\u00e9\" \/>\n<meta property=\"article:published_time\" content=\"2025-06-06T21:20:41+00:00\" \/>\n<meta property=\"article:modified_time\" content=\"2025-06-06T22:41:55+00:00\" \/>\n<meta property=\"og:image\" content=\"https:\/\/youtu.be\/YLHdBLJwJ1E\" \/>\n<meta name=\"author\" content=\"Roger Gil\" \/>\n<meta name=\"twitter:card\" content=\"summary_large_image\" \/>\n<meta name=\"twitter:label1\" content=\"\u00c9crit par\" \/>\n\t<meta name=\"twitter:data1\" content=\"Roger Gil\" \/>\n\t<meta name=\"twitter:label2\" content=\"Dur\u00e9e de lecture estim\u00e9e\" \/>\n\t<meta name=\"twitter:data2\" content=\"3 minutes\" \/>\n<script type=\"application\/ld+json\" class=\"yoast-schema-graph\">{\"@context\":\"https:\/\/schema.org\",\"@graph\":[{\"@type\":\"Article\",\"@id\":\"https:\/\/roger-gil.fr\/?p=1873#article\",\"isPartOf\":{\"@id\":\"https:\/\/roger-gil.fr\/?p=1873\"},\"author\":{\"name\":\"Roger Gil\",\"@id\":\"https:\/\/roger-gil.fr\/#\/schema\/person\/ec69375883cbc8e97a44857780352afb\"},\"headline\":\"Le crit\u00e8re de \u00ab qualit\u00e9 de vie affect\u00e9e \u00bb est un puissant levier d\u2019\u00e9largissement de l\u2019\u00e9ligibilit\u00e9 \u00e0 l\u2019aide active \u00e0 mourir dans une soci\u00e9t\u00e9 capacitiste\",\"datePublished\":\"2025-06-06T21:20:41+00:00\",\"dateModified\":\"2025-06-06T22:41:55+00:00\",\"mainEntityOfPage\":{\"@id\":\"https:\/\/roger-gil.fr\/?p=1873\"},\"wordCount\":695,\"publisher\":{\"@id\":\"https:\/\/roger-gil.fr\/#\/schema\/person\/ec69375883cbc8e97a44857780352afb\"},\"image\":{\"@id\":\"https:\/\/roger-gil.fr\/?p=1873#primaryimage\"},\"thumbnailUrl\":\"https:\/\/youtu.be\/YLHdBLJwJ1E\",\"keywords\":[\"bio\u00e9thique\",\"euthanasie et suicide assist\u00e9\",\"fin de vie\"],\"articleSection\":[\"Billet \u00e9thique\/Fin de vie; soins palliatifs\",\"Bio\u00e9thique\"],\"inLanguage\":\"fr-FR\"},{\"@type\":\"WebPage\",\"@id\":\"https:\/\/roger-gil.fr\/?p=1873\",\"url\":\"https:\/\/roger-gil.fr\/?p=1873\",\"name\":\"Le crit\u00e8re de \u00ab qualit\u00e9 de vie affect\u00e9e \u00bb est un puissant levier d\u2019\u00e9largissement de l\u2019\u00e9ligibilit\u00e9 \u00e0 l\u2019aide active \u00e0 mourir dans une soci\u00e9t\u00e9 capacitiste - Neuropsychologie, Bio\u00e9thique, Spiritualit\u00e9\",\"isPartOf\":{\"@id\":\"https:\/\/roger-gil.fr\/#website\"},\"primaryImageOfPage\":{\"@id\":\"https:\/\/roger-gil.fr\/?p=1873#primaryimage\"},\"image\":{\"@id\":\"https:\/\/roger-gil.fr\/?p=1873#primaryimage\"},\"thumbnailUrl\":\"https:\/\/youtu.be\/YLHdBLJwJ1E\",\"datePublished\":\"2025-06-06T21:20:41+00:00\",\"dateModified\":\"2025-06-06T22:41:55+00:00\",\"breadcrumb\":{\"@id\":\"https:\/\/roger-gil.fr\/?p=1873#breadcrumb\"},\"inLanguage\":\"fr-FR\",\"potentialAction\":[{\"@type\":\"ReadAction\",\"target\":[\"https:\/\/roger-gil.fr\/?p=1873\"]}]},{\"@type\":\"ImageObject\",\"inLanguage\":\"fr-FR\",\"@id\":\"https:\/\/roger-gil.fr\/?p=1873#primaryimage\",\"url\":\"https:\/\/youtu.be\/YLHdBLJwJ1E\",\"contentUrl\":\"https:\/\/youtu.be\/YLHdBLJwJ1E\"},{\"@type\":\"BreadcrumbList\",\"@id\":\"https:\/\/roger-gil.fr\/?p=1873#breadcrumb\",\"itemListElement\":[{\"@type\":\"ListItem\",\"position\":1,\"name\":\"Accueil\",\"item\":\"https:\/\/roger-gil.fr\/\"},{\"@type\":\"ListItem\",\"position\":2,\"name\":\"Le crit\u00e8re de \u00ab qualit\u00e9 de vie affect\u00e9e \u00bb est un puissant levier d\u2019\u00e9largissement de l\u2019\u00e9ligibilit\u00e9 \u00e0 l\u2019aide active \u00e0 mourir dans une soci\u00e9t\u00e9 capacitiste\"}]},{\"@type\":\"WebSite\",\"@id\":\"https:\/\/roger-gil.fr\/#website\",\"url\":\"https:\/\/roger-gil.fr\/\",\"name\":\"Neuropsychologie, Bio\u00e9thique, Spiritualit\u00e9\",\"description\":\"Roger Gil : Professeur \u00e9m\u00e9rite de neurologie, doyen honoraire de la Facult\u00e9 de m\u00e9decine pharmacie de l&#039;Universit\u00e9 de Poitiers\",\"publisher\":{\"@id\":\"https:\/\/roger-gil.fr\/#\/schema\/person\/ec69375883cbc8e97a44857780352afb\"},\"potentialAction\":[{\"@type\":\"SearchAction\",\"target\":{\"@type\":\"EntryPoint\",\"urlTemplate\":\"https:\/\/roger-gil.fr\/?s={search_term_string}\"},\"query-input\":{\"@type\":\"PropertyValueSpecification\",\"valueRequired\":true,\"valueName\":\"search_term_string\"}}],\"inLanguage\":\"fr-FR\"},{\"@type\":[\"Person\",\"Organization\"],\"@id\":\"https:\/\/roger-gil.fr\/#\/schema\/person\/ec69375883cbc8e97a44857780352afb\",\"name\":\"Roger Gil\",\"image\":{\"@type\":\"ImageObject\",\"inLanguage\":\"fr-FR\",\"@id\":\"https:\/\/roger-gil.fr\/#\/schema\/person\/image\/\",\"url\":\"https:\/\/roger-gil.fr\/wp-content\/uploads\/2025\/08\/ROGER-GIL.webp\",\"contentUrl\":\"https:\/\/roger-gil.fr\/wp-content\/uploads\/2025\/08\/ROGER-GIL.webp\",\"width\":1024,\"height\":1254,\"caption\":\"Roger Gil\"},\"logo\":{\"@id\":\"https:\/\/roger-gil.fr\/#\/schema\/person\/image\/\"},\"url\":\"https:\/\/roger-gil.fr\/?author=3\"}]}<\/script>\n<!-- \/ Yoast SEO plugin. -->","yoast_head_json":{"title":"Le crit\u00e8re de \u00ab qualit\u00e9 de vie affect\u00e9e \u00bb est un puissant levier d\u2019\u00e9largissement de l\u2019\u00e9ligibilit\u00e9 \u00e0 l\u2019aide active \u00e0 mourir dans une soci\u00e9t\u00e9 capacitiste - Neuropsychologie, Bio\u00e9thique, Spiritualit\u00e9","robots":{"index":"index","follow":"follow","max-snippet":"max-snippet:-1","max-image-preview":"max-image-preview:large","max-video-preview":"max-video-preview:-1"},"canonical":"https:\/\/roger-gil.fr\/?p=1873","og_locale":"fr_FR","og_type":"article","og_title":"Le crit\u00e8re de \u00ab qualit\u00e9 de vie affect\u00e9e \u00bb est un puissant levier d\u2019\u00e9largissement de l\u2019\u00e9ligibilit\u00e9 \u00e0 l\u2019aide active \u00e0 mourir dans une soci\u00e9t\u00e9 capacitiste - Neuropsychologie, Bio\u00e9thique, Spiritualit\u00e9","og_description":"Le crit\u00e8re de \u00ab qualit\u00e9 de vie affect\u00e9e \u00bb est un puissant levier d\u2019\u00e9largissement de l\u2019\u00e9ligibilit\u00e9 \u00e0 l\u2019aide active \u00e0 mourir dans une soci\u00e9t\u00e9 capacitiste Billet \u00e9thique, 6 juin 2025, 167 \u00a0 \u00a0 \u00a0Si la Haute Autorit\u00e9 de sant\u00e9 a indiqu\u00e9 l\u2019alt\u00e9ration de la qualit\u00e9 de vie comme l\u2019un des crit\u00e8res caract\u00e9risant la phase avanc\u00e9e&hellip; Lire la suite Le crit\u00e8re de \u00ab qualit\u00e9 de vie affect\u00e9e \u00bb est un puissant levier d\u2019\u00e9largissement de l\u2019\u00e9ligibilit\u00e9 \u00e0 l\u2019aide active \u00e0 mourir dans une soci\u00e9t\u00e9 capacitiste","og_url":"https:\/\/roger-gil.fr\/?p=1873","og_site_name":"Neuropsychologie, Bio\u00e9thique, Spiritualit\u00e9","article_published_time":"2025-06-06T21:20:41+00:00","article_modified_time":"2025-06-06T22:41:55+00:00","og_image":[{"url":"https:\/\/youtu.be\/YLHdBLJwJ1E","type":"","width":"","height":""}],"author":"Roger Gil","twitter_card":"summary_large_image","twitter_misc":{"\u00c9crit par":"Roger Gil","Dur\u00e9e de lecture estim\u00e9e":"3 minutes"},"schema":{"@context":"https:\/\/schema.org","@graph":[{"@type":"Article","@id":"https:\/\/roger-gil.fr\/?p=1873#article","isPartOf":{"@id":"https:\/\/roger-gil.fr\/?p=1873"},"author":{"name":"Roger Gil","@id":"https:\/\/roger-gil.fr\/#\/schema\/person\/ec69375883cbc8e97a44857780352afb"},"headline":"Le crit\u00e8re de \u00ab qualit\u00e9 de vie affect\u00e9e \u00bb est un puissant levier d\u2019\u00e9largissement de l\u2019\u00e9ligibilit\u00e9 \u00e0 l\u2019aide active \u00e0 mourir dans une soci\u00e9t\u00e9 capacitiste","datePublished":"2025-06-06T21:20:41+00:00","dateModified":"2025-06-06T22:41:55+00:00","mainEntityOfPage":{"@id":"https:\/\/roger-gil.fr\/?p=1873"},"wordCount":695,"publisher":{"@id":"https:\/\/roger-gil.fr\/#\/schema\/person\/ec69375883cbc8e97a44857780352afb"},"image":{"@id":"https:\/\/roger-gil.fr\/?p=1873#primaryimage"},"thumbnailUrl":"https:\/\/youtu.be\/YLHdBLJwJ1E","keywords":["bio\u00e9thique","euthanasie et suicide assist\u00e9","fin de vie"],"articleSection":["Billet \u00e9thique\/Fin de vie; soins palliatifs","Bio\u00e9thique"],"inLanguage":"fr-FR"},{"@type":"WebPage","@id":"https:\/\/roger-gil.fr\/?p=1873","url":"https:\/\/roger-gil.fr\/?p=1873","name":"Le crit\u00e8re de \u00ab qualit\u00e9 de vie affect\u00e9e \u00bb est un puissant levier d\u2019\u00e9largissement de l\u2019\u00e9ligibilit\u00e9 \u00e0 l\u2019aide active \u00e0 mourir dans une soci\u00e9t\u00e9 capacitiste - Neuropsychologie, Bio\u00e9thique, Spiritualit\u00e9","isPartOf":{"@id":"https:\/\/roger-gil.fr\/#website"},"primaryImageOfPage":{"@id":"https:\/\/roger-gil.fr\/?p=1873#primaryimage"},"image":{"@id":"https:\/\/roger-gil.fr\/?p=1873#primaryimage"},"thumbnailUrl":"https:\/\/youtu.be\/YLHdBLJwJ1E","datePublished":"2025-06-06T21:20:41+00:00","dateModified":"2025-06-06T22:41:55+00:00","breadcrumb":{"@id":"https:\/\/roger-gil.fr\/?p=1873#breadcrumb"},"inLanguage":"fr-FR","potentialAction":[{"@type":"ReadAction","target":["https:\/\/roger-gil.fr\/?p=1873"]}]},{"@type":"ImageObject","inLanguage":"fr-FR","@id":"https:\/\/roger-gil.fr\/?p=1873#primaryimage","url":"https:\/\/youtu.be\/YLHdBLJwJ1E","contentUrl":"https:\/\/youtu.be\/YLHdBLJwJ1E"},{"@type":"BreadcrumbList","@id":"https:\/\/roger-gil.fr\/?p=1873#breadcrumb","itemListElement":[{"@type":"ListItem","position":1,"name":"Accueil","item":"https:\/\/roger-gil.fr\/"},{"@type":"ListItem","position":2,"name":"Le crit\u00e8re de \u00ab qualit\u00e9 de vie affect\u00e9e \u00bb est un puissant levier d\u2019\u00e9largissement de l\u2019\u00e9ligibilit\u00e9 \u00e0 l\u2019aide active \u00e0 mourir dans une soci\u00e9t\u00e9 capacitiste"}]},{"@type":"WebSite","@id":"https:\/\/roger-gil.fr\/#website","url":"https:\/\/roger-gil.fr\/","name":"Neuropsychologie, Bio\u00e9thique, Spiritualit\u00e9","description":"Roger Gil : Professeur \u00e9m\u00e9rite de neurologie, doyen honoraire de la Facult\u00e9 de m\u00e9decine pharmacie de l&#039;Universit\u00e9 de Poitiers","publisher":{"@id":"https:\/\/roger-gil.fr\/#\/schema\/person\/ec69375883cbc8e97a44857780352afb"},"potentialAction":[{"@type":"SearchAction","target":{"@type":"EntryPoint","urlTemplate":"https:\/\/roger-gil.fr\/?s={search_term_string}"},"query-input":{"@type":"PropertyValueSpecification","valueRequired":true,"valueName":"search_term_string"}}],"inLanguage":"fr-FR"},{"@type":["Person","Organization"],"@id":"https:\/\/roger-gil.fr\/#\/schema\/person\/ec69375883cbc8e97a44857780352afb","name":"Roger Gil","image":{"@type":"ImageObject","inLanguage":"fr-FR","@id":"https:\/\/roger-gil.fr\/#\/schema\/person\/image\/","url":"https:\/\/roger-gil.fr\/wp-content\/uploads\/2025\/08\/ROGER-GIL.webp","contentUrl":"https:\/\/roger-gil.fr\/wp-content\/uploads\/2025\/08\/ROGER-GIL.webp","width":1024,"height":1254,"caption":"Roger Gil"},"logo":{"@id":"https:\/\/roger-gil.fr\/#\/schema\/person\/image\/"},"url":"https:\/\/roger-gil.fr\/?author=3"}]}},"_links":{"self":[{"href":"https:\/\/roger-gil.fr\/index.php?rest_route=\/wp\/v2\/posts\/1873","targetHints":{"allow":["GET"]}}],"collection":[{"href":"https:\/\/roger-gil.fr\/index.php?rest_route=\/wp\/v2\/posts"}],"about":[{"href":"https:\/\/roger-gil.fr\/index.php?rest_route=\/wp\/v2\/types\/post"}],"author":[{"embeddable":true,"href":"https:\/\/roger-gil.fr\/index.php?rest_route=\/wp\/v2\/users\/3"}],"replies":[{"embeddable":true,"href":"https:\/\/roger-gil.fr\/index.php?rest_route=%2Fwp%2Fv2%2Fcomments&post=1873"}],"version-history":[{"count":14,"href":"https:\/\/roger-gil.fr\/index.php?rest_route=\/wp\/v2\/posts\/1873\/revisions"}],"predecessor-version":[{"id":1892,"href":"https:\/\/roger-gil.fr\/index.php?rest_route=\/wp\/v2\/posts\/1873\/revisions\/1892"}],"wp:attachment":[{"href":"https:\/\/roger-gil.fr\/index.php?rest_route=%2Fwp%2Fv2%2Fmedia&parent=1873"}],"wp:term":[{"taxonomy":"category","embeddable":true,"href":"https:\/\/roger-gil.fr\/index.php?rest_route=%2Fwp%2Fv2%2Fcategories&post=1873"},{"taxonomy":"post_tag","embeddable":true,"href":"https:\/\/roger-gil.fr\/index.php?rest_route=%2Fwp%2Fv2%2Ftags&post=1873"}],"curies":[{"name":"wp","href":"https:\/\/api.w.org\/{rel}","templated":true}]}}