{"id":1855,"date":"2025-05-23T14:34:53","date_gmt":"2025-05-23T14:34:53","guid":{"rendered":"https:\/\/roger-gil.fr\/?p=1855"},"modified":"2025-05-23T14:53:23","modified_gmt":"2025-05-23T14:53:23","slug":"elementor-1855","status":"publish","type":"post","link":"https:\/\/roger-gil.fr\/?p=1855","title":{"rendered":"Le ciel \u00e9toil\u00e9 et la loi morale"},"content":{"rendered":"\t\t<div data-elementor-type=\"wp-post\" data-elementor-id=\"1855\" class=\"elementor elementor-1855\">\n\t\t\t\t<div class=\"elementor-element elementor-element-48f66d1 e-flex e-con-boxed e-con e-parent\" data-id=\"48f66d1\" data-element_type=\"container\" data-e-type=\"container\">\n\t\t\t\t\t<div class=\"e-con-inner\">\n\t\t\t\t<div class=\"elementor-element elementor-element-1f72acd elementor-widget elementor-widget-heading\" data-id=\"1f72acd\" data-element_type=\"widget\" data-e-type=\"widget\" data-widget_type=\"heading.default\">\n\t\t\t\t<div class=\"elementor-widget-container\">\n\t\t\t\t\t<h3 class=\"elementor-heading-title elementor-size-default\">Le ciel \u00e9toil\u00e9 et la loi morale<\/h3>\t\t\t\t<\/div>\n\t\t\t\t<\/div>\n\t\t\t\t\t<\/div>\n\t\t\t\t<\/div>\n\t\t<div class=\"elementor-element elementor-element-f110ef4 e-flex e-con-boxed e-con e-parent\" data-id=\"f110ef4\" data-element_type=\"container\" data-e-type=\"container\">\n\t\t\t\t\t<div class=\"e-con-inner\">\n\t\t\t\t<div class=\"elementor-element elementor-element-17fc05f elementor-widget elementor-widget-heading\" data-id=\"17fc05f\" data-element_type=\"widget\" data-e-type=\"widget\" data-widget_type=\"heading.default\">\n\t\t\t\t<div class=\"elementor-widget-container\">\n\t\t\t\t\t<h4 class=\"elementor-heading-title elementor-size-default\">Roger Gil; Billet \u00e9thique, 23 mai 2025, 166<\/h4>\t\t\t\t<\/div>\n\t\t\t\t<\/div>\n\t\t\t\t\t<\/div>\n\t\t\t\t<\/div>\n\t\t<div class=\"elementor-element elementor-element-ff139e3 e-flex e-con-boxed e-con e-parent\" data-id=\"ff139e3\" data-element_type=\"container\" data-e-type=\"container\">\n\t\t\t\t\t<div class=\"e-con-inner\">\n\t\t\t\t<div class=\"elementor-element elementor-element-987688e elementor-widget elementor-widget-video\" data-id=\"987688e\" data-element_type=\"widget\" data-e-type=\"widget\" data-settings=\"{&quot;youtube_url&quot;:&quot;https:\\\/\\\/youtu.be\\\/f5ZfjGagYoQ&quot;,&quot;video_type&quot;:&quot;youtube&quot;,&quot;controls&quot;:&quot;yes&quot;}\" data-widget_type=\"video.default\">\n\t\t\t\t<div class=\"elementor-widget-container\">\n\t\t\t\t\t\t\t<div class=\"elementor-wrapper elementor-open-inline\">\n\t\t\t<div class=\"elementor-video\"><\/div>\t\t<\/div>\n\t\t\t\t\t\t<\/div>\n\t\t\t\t<\/div>\n\t\t\t\t\t<\/div>\n\t\t\t\t<\/div>\n\t\t<div class=\"elementor-element elementor-element-c9e2c55 e-flex e-con-boxed e-con e-parent\" data-id=\"c9e2c55\" data-element_type=\"container\" data-e-type=\"container\">\n\t\t\t\t\t<div class=\"e-con-inner\">\n\t\t\t\t<div class=\"elementor-element elementor-element-91db6b8 elementor-widget elementor-widget-text-editor\" data-id=\"91db6b8\" data-element_type=\"widget\" data-e-type=\"widget\" data-widget_type=\"text-editor.default\">\n\t\t\t\t<div class=\"elementor-widget-container\">\n\t\t\t\t\t\t\t\t\t<p>\u00ab\u00a0Deux choses remplissent le c\u0153ur d\u2019une admiration et d\u2019une v\u00e9n\u00e9ration toujours nouvelles et toujours croissantes, \u00e0 mesure que la r\u00e9flexion s\u2019y attache et s\u2019y applique\u00a0: le ciel \u00e9toil\u00e9 au-dessus de moi et la loi morale en moi\u00a0\u00bb.<\/p><p>C\u2019est ce qu\u2019Emmanuel \u00e9crivait en concluant sa <em>Critique de la raison pratique<a href=\"#_ftn1\" name=\"_ftnref1\"><sup><strong>[1]<\/strong><\/sup><\/a><\/em>. Et il poursuivait\u00a0:<\/p><p>\u00ab\u00a0Ces deux choses, je n&rsquo;ai pas besoin de les chercher et de les conjecturer simplement, comme si elles \u00e9taient envelopp\u00e9es de t\u00e9n\u00e8bres ou plac\u00e9es dans une r\u00e9gion transcendantale en dehors de mon horizon ; je les vois devant moi, et je les rattache imm\u00e9diatement \u00e0 la conscience de mon existence\u00a0\u00bb<\/p><p>Pour Kant, le ciel \u00e9toil\u00e9 et la loi morale sont deux \u00e9vidences qui s\u2019imposent perceptivement \u00e0 l\u2019homme (<em>je les vois<\/em>, dit-il) et qui sont indissociables de la conscience de son existence\u00a0: l\u2019\u00eatre humain parce qu\u2019il a conscience d\u2019exister voit imm\u00e9diatement le ciel \u00e9toil\u00e9 au-dessus de lui et la loi morale en lui. Cette prise de conscience n\u2019est pas indiff\u00e9rente. Bien au contraire elle remplit le c\u0153ur d\u2019admiration et de v\u00e9n\u00e9ration (que l\u2019on pourrait aussi traduire par respect) qui contrairement aux illusions, croissent et demeurent sans cesse neuves d\u00e8s lors que l\u2019\u00eatre humain en fait l\u2019objet de sa pens\u00e9e.<\/p><p>La perception du ciel \u00e9toil\u00e9 connecte sensoriellement l\u2019homme qui occupe un fragment d\u2019espace \u00e0 \u00ab\u00a0l\u2019espace immense\u00a0\u00bb, \u00ab\u00a0o\u00f9 les mondes s\u2019ajoutent aux mondes et les syst\u00e8mes aux syst\u00e8mes\u00a0\u00bb<a href=\"#_ftn2\" name=\"_ftnref2\"><sup>[2]<\/sup><\/a><em>.<\/em> Cette \u00ab\u00a0multitude innombrable de mondes\u00a0\u00bb r\u00e9duit l\u2019homme, selon Kant, \u00e0 la prise de conscience de ce qu\u2019il est, une\u00a0\u00ab\u00a0cr\u00e9ature animale\u00a0\u00bb, vou\u00e9e \u00e0 la finitude et qui, \u00e0 sa mort, ne sera que mati\u00e8re rendue \u00e0 la terre.<a href=\"#_ftn3\" name=\"_ftnref3\"><em><sup><strong>[3]<\/strong><\/sup><\/em><\/a><em>. <\/em>Mais, pour Kant, alors que la connexion avec l\u2019espace immense est contingente, par contre la loi morale per\u00e7ue au-dedans de l\u2019homme, le connecte de mani\u00e8re universelle et n\u00e9cessaire \u00e0 tout le monde visible\u00a0: gr\u00e2ce \u00e0 la loi morale<a href=\"#_ftn4\" name=\"_ftnref4\"><sup>[4]<\/sup><\/a>, la valeur de l\u2019homme est \u00e9lev\u00e9e et il peut ainsi avec son intelligence et sa personnalit\u00e9 manifester sa capacit\u00e9 \u00e0 vivre de mani\u00e8re ind\u00e9pendante de l\u2019animalit\u00e9 et faire de l\u2019existence une fin en soi, ins\u00e9parable du devoir<a href=\"#_ftn5\" name=\"_ftnref5\"><em><sup><strong>[5]<\/strong><\/sup><\/em><\/a> . Mais, pour Kant l\u2019admiration et le respect ne suffisent pas, Il faut y ajouter la recherche sous-tendue par l\u2019exercice de la raison. Ainsi l\u2019\u00eatre humain a-t-il pu parvenir \u00e0 une \u00ab\u00a0connaissance claire et immuable des syst\u00e8mes du monde\u00a0\u00bb qui continue de s\u2019\u00e9tendre progressivement. A l\u2019\u00e9tude scientifique de l\u2019univers dont les r\u00e9sultats ont \u00e9t\u00e9 si heureux et qui demeurent si prometteurs doit r\u00e9pondre de la m\u00eame mani\u00e8re une \u00e9tude de la morale\u00a0: l\u2019homme doit en effet exercer gr\u00e2ce \u00e0 sa raison son jugement moral afin de discerner ce qui fait de son existence une fin en soi, hors des limites du temps, soucieuse de se d\u00e9terminer \u00ab\u00a0par devoir\u00a0\u00bb et d\u2019agir de mani\u00e8re autonome au nom d\u2019une volont\u00e9 d\u00e9termin\u00e9e \u00e0 rep\u00e9rer les r\u00e8gles<a href=\"#_ftn6\" name=\"_ftnref6\"><sup>[6]<\/sup><\/a> capables d\u2019\u00eatre \u00e9rig\u00e9es en lois universelles de la nature\u00a0? Et c\u2019est ainsi que ces exercices rationnels empruntant \u00e0 la science sa d\u00e9marche critique et m\u00e9thodique ouvrent \u00e0 la doctrine de la sagesse<a href=\"#_ftn7\" name=\"_ftnref7\"><sup>[7]<\/sup><\/a>.\u00a0 Dans ce m\u00eame ouvrage, Kant avait expliqu\u00e9 que si la loi morale implique une coercition \u00e0 l\u2019\u00e9gard de nos penchants, elle proc\u00e8de de \u00ab\u00a0la conscience d\u2019une libre soumission de la volont\u00e9\u00a0\u00bb exerc\u00e9e par \u00ab\u00a0notre propre raison\u00a0\u00bb<a href=\"#_ftn8\" name=\"_ftnref8\"><sup>[8]<\/sup><\/a>. Ainsi le devoir moral \u00ab\u00a0ne repose que sur une contrainte libre, venant de nous-m\u00eame<a href=\"#_ftn9\" name=\"_ftnref9\"><sup>[9]<\/sup><\/a>\u00a0\u00bb et, pour Kant la conscience morale se confond avec \u00ab\u00a0la raison pratique qui montre \u00e0 l\u2019homme son devoir<a href=\"#_ftn10\" name=\"_ftnref10\"><sup>[10]<\/sup><\/a>\u00a0\u00bb.<\/p><p>Ainsi la morale de Kant (morale du devoir ou d\u00e9ontologique) n\u2019est ni une morale du bonheur<a href=\"#_ftn11\" name=\"_ftnref11\"><sup>[11]<\/sup><\/a> ni une morale du plaisir<a href=\"#_ftn12\" name=\"_ftnref12\"><sup>[12]<\/sup><\/a>, m\u00eame si \u00ab\u00a0la raison pure pratique ne veut pas qu\u2019on renonce \u00e0 toute pr\u00e9tention au bonheur mais seulement, qu\u2019aussit\u00f4t qu\u2019il s\u2019agit de devoir, on ne le prenne pas du tout en consid\u00e9ration\u00a0\u00bb. Certes, ajoute Kant, m\u00eame si le bonheur (sant\u00e9, richesse) peut disposer au devoir et la privation de bonheur (pauvret\u00e9) peut exposer \u00e0 la tentation de violer son devoir et si donc \u00ab\u00a0ce peut m\u00eame \u00e0 certains \u00e9gards \u00eatre un devoir de prendre soin de son bonheur\u00a0\u00bb, \u00ab\u00a0travailler \u00e0 son bonheur ne peut jamais \u00eatre imm\u00e9diatement un devoir et encore moins un principe de tout devoir\u00a0\u00bb<a href=\"#_ftn13\" name=\"_ftnref13\"><sup>[13]<\/sup><\/a>.<\/p><p><a href=\"#_ftnref1\" name=\"_ftn1\">[1]<\/a> Emmanuel Kant, <em>Critique de la raison pratique<\/em>, trad. par Fran\u00e7ois Picavet (Paris: Presses universitaires de France, 1965).<\/p><p><a href=\"#_ftnref2\" name=\"_ftn2\">[2]<\/a> On trouvait d\u00e9j\u00e0 chez Blaise Pascal ce m\u00eame constat de la \u00ab\u00a0disproportion\u00a0\u00bb de l\u2019homme face \u00e0 l\u2019immensit\u00e9 de l\u2019univers \u00ab\u00a0o\u00f9 il se trouve log\u00e9\u00a0\u00bb, <em>in Pens\u00e9es\u00a0; L\u2019\u0153uvre de Pascal, <\/em>La Pl\u00e9iade<em>\u00a0; <\/em>1936<em>\u00a0;\u00a0 <\/em>84 [347], p.\u00a0841<\/p><p><a href=\"#_ftnref3\" name=\"_ftn3\">[3]<\/a> \u00a0Pascal, lui, avait d\u00e9velopp\u00e9 le th\u00e8me de la mis\u00e8re de l\u2019homme et de sa fragilit\u00e9\u00a0: \u00ab\u00a0L\u2019homme n\u2019est qu\u2019un roseau, le plus faible de la nature\u00a0\u00bb Blaise Pascal, <em>Pens\u00e9es<\/em>\u00a0: 264 [65], p.\u00a0894.<\/p><p><a href=\"#_ftnref4\" name=\"_ftn4\">[4]<\/a> Car une loi, pour avoir une valeur morale doit avoir un caract\u00e8re de n\u00e9cessit\u00e9 absolue et \u00eatre partag\u00e9e par tous les \u00eatres raisonnables (<em>c\u2019est ce que Kant d\u00e9veloppera dans Les Fondements de la m\u00e9taphysique des m\u0153urs<\/em>\u00a0\u00bb).<\/p><p><a href=\"#_ftnref5\" name=\"_ftn5\">[5]<\/a> Pascal opposa la mis\u00e8re de l\u2019homme \u00e0 sa grandeur car l\u2019homme est un \u00ab\u00a0roseau pensant\u00a0\u00bb\u00a0: \u00ab\u00a0la grandeur de l\u2019homme est grande en ce qu\u2019il se connait mis\u00e9rable\u00a0\u00bb <em>Pens\u00e9es<\/em>,\u00a0: 255 [165], p.\u00a0893<\/p><p><a href=\"#_ftnref6\" name=\"_ftn6\">[6]<\/a> C\u2019est le sens que donne Kant \u00e0 ce qu\u2019il appelle des maximes.<\/p><p><a href=\"#_ftnref7\" name=\"_ftn7\">[7]<\/a> Pascal \u00e9voquera l\u2019effroi ressenti par l\u2019homme en prenant conscience de sa place entre l\u2019infiniment grand et l\u2019infiniment petit, ressentira effroi, curiosit\u00e9, admiration\u00a0; il sera alors plus dispos\u00e9 \u00e0 la contemplation qu\u2019\u00e0 une recherche qui ne nous permettra que \u00ab\u00a0d\u2019apercevoir quelque apparence du milieu des choses\u00a0\u00bb dans le d\u00e9sespoir \u00e9ternel d\u2019acc\u00e9der \u00e0 la connaissance de leur principe et de leur fin qui n\u2019est accessible qu\u2019\u00e0 Dieu qui en est l\u2019auteur. L\u2019\u00e9tat v\u00e9ritable de l\u2019homme \u00ab\u00a0nous rend incapable de savoir certainement et d\u2019ignorer absolument\u00a0\u00bb <em>in Pens\u00e9es<\/em>\u00a084[347], p.\u00a0842-845.<\/p><p><a href=\"#_ftnref8\" name=\"_ftn8\">[8]<\/a> Kant, <em>Critique de la raison pratique<\/em>\u00a0; \u00a0p. 84-85.<\/p><p><a href=\"#_ftnref9\" name=\"_ftn9\">[9]<\/a> Emmanuel Kant, <em>Principes m\u00e9taphysiques de la morale<\/em>, trad. par CJ Tissot (Paris: Chez Levrault, 1830).<\/p><p><a href=\"#_ftnref10\" name=\"_ftn10\">[10]<\/a> Ibidem<\/p><p><a href=\"#_ftnref11\" name=\"_ftn11\">[11]<\/a> ou eud\u00e9monisme<\/p><p><a href=\"#_ftnref12\" name=\"_ftn12\">[12]<\/a> ou h\u00e9donisme<\/p><p><a href=\"#_ftnref13\" name=\"_ftn13\">[13]<\/a> Kant, <em>Critique de la raison pratique<\/em>\u00a0; p. 98-99.<\/p>\t\t\t\t\t\t\t\t<\/div>\n\t\t\t\t<\/div>\n\t\t\t\t\t<\/div>\n\t\t\t\t<\/div>\n\t\t<div class=\"elementor-element elementor-element-2f01d61 e-flex e-con-boxed e-con e-parent\" data-id=\"2f01d61\" data-element_type=\"container\" data-e-type=\"container\">\n\t\t\t\t\t<div class=\"e-con-inner\">\n\t\t\t\t<div class=\"elementor-element elementor-element-bb5c2f8 elementor-widget elementor-widget-text-editor\" data-id=\"bb5c2f8\" data-element_type=\"widget\" data-e-type=\"widget\" data-widget_type=\"text-editor.default\">\n\t\t\t\t<div class=\"elementor-widget-container\">\n\t\t\t\t\t\t\t\t\t<p><em><strong>Pour lire le fichier PDF, cliquer sur le lien suivant<\/strong><\/em><\/p><p><a href=\"https:\/\/roger-gil.fr\/wp-content\/uploads\/2025\/05\/Le-ciel-etoile-et-la-loi-morale-23-mai-2025-.pdf\" target=\"_blank\" rel=\"noopener\"><em><strong>Le ciel \u00e9toil\u00e9 et la loi morale PDF<\/strong><\/em><\/a><\/p>\t\t\t\t\t\t\t\t<\/div>\n\t\t\t\t<\/div>\n\t\t\t\t\t<\/div>\n\t\t\t\t<\/div>\n\t\t\t\t<\/div>\n\t\t","protected":false},"excerpt":{"rendered":"<p>Le ciel \u00e9toil\u00e9 et la loi morale Roger Gil; Billet \u00e9thique, 23 mai 2025, 166 https:\/\/youtu.be\/f5ZfjGagYoQ \u00ab\u00a0Deux choses remplissent le c\u0153ur d\u2019une admiration et d\u2019une v\u00e9n\u00e9ration toujours nouvelles et toujours croissantes, \u00e0 mesure que la r\u00e9flexion s\u2019y attache et s\u2019y applique\u00a0: le ciel \u00e9toil\u00e9 au-dessus de moi et la loi morale en moi\u00a0\u00bb. C\u2019est ce&hellip; <span class=\"kuorinka-read-more\"><a href=\"https:\/\/roger-gil.fr\/?p=1855\" class=\"more-link\">Lire la suite <span class=\"screen-reader-text\">Le ciel \u00e9toil\u00e9 et la loi morale<\/span><\/a><\/span><\/p>\n","protected":false},"author":3,"featured_media":0,"comment_status":"closed","ping_status":"open","sticky":false,"template":"","format":"standard","meta":{"_crdt_document":"","footnotes":""},"categories":[208,174],"tags":[143],"class_list":{"0":"post-1855","1":"post","2":"type-post","3":"status-publish","4":"format-standard","6":"category-billet-ethique-bioethique-fondamentale","7":"category-bioethique","8":"tag-bioethique","9":"entry"},"yoast_head":"<!-- This site is optimized with the Yoast SEO plugin v25.9 - https:\/\/yoast.com\/wordpress\/plugins\/seo\/ -->\n<title>Le ciel \u00e9toil\u00e9 et la loi morale - Neuropsychologie, Bio\u00e9thique, Spiritualit\u00e9<\/title>\n<meta name=\"robots\" content=\"index, follow, max-snippet:-1, max-image-preview:large, max-video-preview:-1\" \/>\n<link rel=\"canonical\" href=\"https:\/\/roger-gil.fr\/?p=1855\" \/>\n<meta property=\"og:locale\" content=\"fr_FR\" \/>\n<meta property=\"og:type\" content=\"article\" \/>\n<meta property=\"og:title\" content=\"Le ciel \u00e9toil\u00e9 et la loi morale - Neuropsychologie, Bio\u00e9thique, Spiritualit\u00e9\" \/>\n<meta property=\"og:description\" content=\"Le ciel \u00e9toil\u00e9 et la loi morale Roger Gil; Billet \u00e9thique, 23 mai 2025, 166 https:\/\/youtu.be\/f5ZfjGagYoQ \u00ab\u00a0Deux choses remplissent le c\u0153ur d\u2019une admiration et d\u2019une v\u00e9n\u00e9ration toujours nouvelles et toujours croissantes, \u00e0 mesure que la r\u00e9flexion s\u2019y attache et s\u2019y applique\u00a0: le ciel \u00e9toil\u00e9 au-dessus de moi et la loi morale en moi\u00a0\u00bb. C\u2019est ce&hellip; Lire la suite Le ciel \u00e9toil\u00e9 et la loi morale\" \/>\n<meta property=\"og:url\" content=\"https:\/\/roger-gil.fr\/?p=1855\" \/>\n<meta property=\"og:site_name\" content=\"Neuropsychologie, Bio\u00e9thique, Spiritualit\u00e9\" \/>\n<meta property=\"article:published_time\" content=\"2025-05-23T14:34:53+00:00\" \/>\n<meta property=\"article:modified_time\" content=\"2025-05-23T14:53:23+00:00\" \/>\n<meta name=\"author\" content=\"Roger Gil\" \/>\n<meta name=\"twitter:card\" content=\"summary_large_image\" \/>\n<meta name=\"twitter:label1\" content=\"\u00c9crit par\" \/>\n\t<meta name=\"twitter:data1\" content=\"Roger Gil\" \/>\n\t<meta name=\"twitter:label2\" content=\"Dur\u00e9e de lecture estim\u00e9e\" \/>\n\t<meta name=\"twitter:data2\" content=\"6 minutes\" \/>\n<script type=\"application\/ld+json\" class=\"yoast-schema-graph\">{\"@context\":\"https:\/\/schema.org\",\"@graph\":[{\"@type\":\"Article\",\"@id\":\"https:\/\/roger-gil.fr\/?p=1855#article\",\"isPartOf\":{\"@id\":\"https:\/\/roger-gil.fr\/?p=1855\"},\"author\":{\"name\":\"Roger Gil\",\"@id\":\"https:\/\/roger-gil.fr\/#\/schema\/person\/ec69375883cbc8e97a44857780352afb\"},\"headline\":\"Le ciel \u00e9toil\u00e9 et la loi morale\",\"datePublished\":\"2025-05-23T14:34:53+00:00\",\"dateModified\":\"2025-05-23T14:53:23+00:00\",\"mainEntityOfPage\":{\"@id\":\"https:\/\/roger-gil.fr\/?p=1855\"},\"wordCount\":1124,\"publisher\":{\"@id\":\"https:\/\/roger-gil.fr\/#\/schema\/person\/ec69375883cbc8e97a44857780352afb\"},\"keywords\":[\"bio\u00e9thique\"],\"articleSection\":[\"Billet \u00e9thique\/Bio\u00e9thique fondamentale\",\"Bio\u00e9thique\"],\"inLanguage\":\"fr-FR\"},{\"@type\":\"WebPage\",\"@id\":\"https:\/\/roger-gil.fr\/?p=1855\",\"url\":\"https:\/\/roger-gil.fr\/?p=1855\",\"name\":\"Le ciel \u00e9toil\u00e9 et la loi morale - Neuropsychologie, Bio\u00e9thique, Spiritualit\u00e9\",\"isPartOf\":{\"@id\":\"https:\/\/roger-gil.fr\/#website\"},\"datePublished\":\"2025-05-23T14:34:53+00:00\",\"dateModified\":\"2025-05-23T14:53:23+00:00\",\"breadcrumb\":{\"@id\":\"https:\/\/roger-gil.fr\/?p=1855#breadcrumb\"},\"inLanguage\":\"fr-FR\",\"potentialAction\":[{\"@type\":\"ReadAction\",\"target\":[\"https:\/\/roger-gil.fr\/?p=1855\"]}]},{\"@type\":\"BreadcrumbList\",\"@id\":\"https:\/\/roger-gil.fr\/?p=1855#breadcrumb\",\"itemListElement\":[{\"@type\":\"ListItem\",\"position\":1,\"name\":\"Accueil\",\"item\":\"https:\/\/roger-gil.fr\/\"},{\"@type\":\"ListItem\",\"position\":2,\"name\":\"Le ciel \u00e9toil\u00e9 et la loi morale\"}]},{\"@type\":\"WebSite\",\"@id\":\"https:\/\/roger-gil.fr\/#website\",\"url\":\"https:\/\/roger-gil.fr\/\",\"name\":\"Neuropsychologie, Bio\u00e9thique, Spiritualit\u00e9\",\"description\":\"Roger Gil : Professeur \u00e9m\u00e9rite de neurologie, doyen honoraire de la Facult\u00e9 de m\u00e9decine pharmacie de l&#039;Universit\u00e9 de Poitiers\",\"publisher\":{\"@id\":\"https:\/\/roger-gil.fr\/#\/schema\/person\/ec69375883cbc8e97a44857780352afb\"},\"potentialAction\":[{\"@type\":\"SearchAction\",\"target\":{\"@type\":\"EntryPoint\",\"urlTemplate\":\"https:\/\/roger-gil.fr\/?s={search_term_string}\"},\"query-input\":{\"@type\":\"PropertyValueSpecification\",\"valueRequired\":true,\"valueName\":\"search_term_string\"}}],\"inLanguage\":\"fr-FR\"},{\"@type\":[\"Person\",\"Organization\"],\"@id\":\"https:\/\/roger-gil.fr\/#\/schema\/person\/ec69375883cbc8e97a44857780352afb\",\"name\":\"Roger Gil\",\"image\":{\"@type\":\"ImageObject\",\"inLanguage\":\"fr-FR\",\"@id\":\"https:\/\/roger-gil.fr\/#\/schema\/person\/image\/\",\"url\":\"https:\/\/roger-gil.fr\/wp-content\/uploads\/2025\/08\/ROGER-GIL.webp\",\"contentUrl\":\"https:\/\/roger-gil.fr\/wp-content\/uploads\/2025\/08\/ROGER-GIL.webp\",\"width\":1024,\"height\":1254,\"caption\":\"Roger Gil\"},\"logo\":{\"@id\":\"https:\/\/roger-gil.fr\/#\/schema\/person\/image\/\"},\"url\":\"https:\/\/roger-gil.fr\/?author=3\"}]}<\/script>\n<!-- \/ Yoast SEO plugin. -->","yoast_head_json":{"title":"Le ciel \u00e9toil\u00e9 et la loi morale - Neuropsychologie, Bio\u00e9thique, Spiritualit\u00e9","robots":{"index":"index","follow":"follow","max-snippet":"max-snippet:-1","max-image-preview":"max-image-preview:large","max-video-preview":"max-video-preview:-1"},"canonical":"https:\/\/roger-gil.fr\/?p=1855","og_locale":"fr_FR","og_type":"article","og_title":"Le ciel \u00e9toil\u00e9 et la loi morale - Neuropsychologie, Bio\u00e9thique, Spiritualit\u00e9","og_description":"Le ciel \u00e9toil\u00e9 et la loi morale Roger Gil; Billet \u00e9thique, 23 mai 2025, 166 https:\/\/youtu.be\/f5ZfjGagYoQ \u00ab\u00a0Deux choses remplissent le c\u0153ur d\u2019une admiration et d\u2019une v\u00e9n\u00e9ration toujours nouvelles et toujours croissantes, \u00e0 mesure que la r\u00e9flexion s\u2019y attache et s\u2019y applique\u00a0: le ciel \u00e9toil\u00e9 au-dessus de moi et la loi morale en moi\u00a0\u00bb. C\u2019est ce&hellip; Lire la suite Le ciel \u00e9toil\u00e9 et la loi morale","og_url":"https:\/\/roger-gil.fr\/?p=1855","og_site_name":"Neuropsychologie, Bio\u00e9thique, Spiritualit\u00e9","article_published_time":"2025-05-23T14:34:53+00:00","article_modified_time":"2025-05-23T14:53:23+00:00","author":"Roger Gil","twitter_card":"summary_large_image","twitter_misc":{"\u00c9crit par":"Roger Gil","Dur\u00e9e de lecture estim\u00e9e":"6 minutes"},"schema":{"@context":"https:\/\/schema.org","@graph":[{"@type":"Article","@id":"https:\/\/roger-gil.fr\/?p=1855#article","isPartOf":{"@id":"https:\/\/roger-gil.fr\/?p=1855"},"author":{"name":"Roger Gil","@id":"https:\/\/roger-gil.fr\/#\/schema\/person\/ec69375883cbc8e97a44857780352afb"},"headline":"Le ciel \u00e9toil\u00e9 et la loi morale","datePublished":"2025-05-23T14:34:53+00:00","dateModified":"2025-05-23T14:53:23+00:00","mainEntityOfPage":{"@id":"https:\/\/roger-gil.fr\/?p=1855"},"wordCount":1124,"publisher":{"@id":"https:\/\/roger-gil.fr\/#\/schema\/person\/ec69375883cbc8e97a44857780352afb"},"keywords":["bio\u00e9thique"],"articleSection":["Billet \u00e9thique\/Bio\u00e9thique fondamentale","Bio\u00e9thique"],"inLanguage":"fr-FR"},{"@type":"WebPage","@id":"https:\/\/roger-gil.fr\/?p=1855","url":"https:\/\/roger-gil.fr\/?p=1855","name":"Le ciel \u00e9toil\u00e9 et la loi morale - Neuropsychologie, Bio\u00e9thique, Spiritualit\u00e9","isPartOf":{"@id":"https:\/\/roger-gil.fr\/#website"},"datePublished":"2025-05-23T14:34:53+00:00","dateModified":"2025-05-23T14:53:23+00:00","breadcrumb":{"@id":"https:\/\/roger-gil.fr\/?p=1855#breadcrumb"},"inLanguage":"fr-FR","potentialAction":[{"@type":"ReadAction","target":["https:\/\/roger-gil.fr\/?p=1855"]}]},{"@type":"BreadcrumbList","@id":"https:\/\/roger-gil.fr\/?p=1855#breadcrumb","itemListElement":[{"@type":"ListItem","position":1,"name":"Accueil","item":"https:\/\/roger-gil.fr\/"},{"@type":"ListItem","position":2,"name":"Le ciel \u00e9toil\u00e9 et la loi morale"}]},{"@type":"WebSite","@id":"https:\/\/roger-gil.fr\/#website","url":"https:\/\/roger-gil.fr\/","name":"Neuropsychologie, Bio\u00e9thique, Spiritualit\u00e9","description":"Roger Gil : Professeur \u00e9m\u00e9rite de neurologie, doyen honoraire de la Facult\u00e9 de m\u00e9decine pharmacie de l&#039;Universit\u00e9 de Poitiers","publisher":{"@id":"https:\/\/roger-gil.fr\/#\/schema\/person\/ec69375883cbc8e97a44857780352afb"},"potentialAction":[{"@type":"SearchAction","target":{"@type":"EntryPoint","urlTemplate":"https:\/\/roger-gil.fr\/?s={search_term_string}"},"query-input":{"@type":"PropertyValueSpecification","valueRequired":true,"valueName":"search_term_string"}}],"inLanguage":"fr-FR"},{"@type":["Person","Organization"],"@id":"https:\/\/roger-gil.fr\/#\/schema\/person\/ec69375883cbc8e97a44857780352afb","name":"Roger Gil","image":{"@type":"ImageObject","inLanguage":"fr-FR","@id":"https:\/\/roger-gil.fr\/#\/schema\/person\/image\/","url":"https:\/\/roger-gil.fr\/wp-content\/uploads\/2025\/08\/ROGER-GIL.webp","contentUrl":"https:\/\/roger-gil.fr\/wp-content\/uploads\/2025\/08\/ROGER-GIL.webp","width":1024,"height":1254,"caption":"Roger Gil"},"logo":{"@id":"https:\/\/roger-gil.fr\/#\/schema\/person\/image\/"},"url":"https:\/\/roger-gil.fr\/?author=3"}]}},"_links":{"self":[{"href":"https:\/\/roger-gil.fr\/index.php?rest_route=\/wp\/v2\/posts\/1855","targetHints":{"allow":["GET"]}}],"collection":[{"href":"https:\/\/roger-gil.fr\/index.php?rest_route=\/wp\/v2\/posts"}],"about":[{"href":"https:\/\/roger-gil.fr\/index.php?rest_route=\/wp\/v2\/types\/post"}],"author":[{"embeddable":true,"href":"https:\/\/roger-gil.fr\/index.php?rest_route=\/wp\/v2\/users\/3"}],"replies":[{"embeddable":true,"href":"https:\/\/roger-gil.fr\/index.php?rest_route=%2Fwp%2Fv2%2Fcomments&post=1855"}],"version-history":[{"count":8,"href":"https:\/\/roger-gil.fr\/index.php?rest_route=\/wp\/v2\/posts\/1855\/revisions"}],"predecessor-version":[{"id":1865,"href":"https:\/\/roger-gil.fr\/index.php?rest_route=\/wp\/v2\/posts\/1855\/revisions\/1865"}],"wp:attachment":[{"href":"https:\/\/roger-gil.fr\/index.php?rest_route=%2Fwp%2Fv2%2Fmedia&parent=1855"}],"wp:term":[{"taxonomy":"category","embeddable":true,"href":"https:\/\/roger-gil.fr\/index.php?rest_route=%2Fwp%2Fv2%2Fcategories&post=1855"},{"taxonomy":"post_tag","embeddable":true,"href":"https:\/\/roger-gil.fr\/index.php?rest_route=%2Fwp%2Fv2%2Ftags&post=1855"}],"curies":[{"name":"wp","href":"https:\/\/api.w.org\/{rel}","templated":true}]}}