{"id":1814,"date":"2025-04-11T19:56:03","date_gmt":"2025-04-11T19:56:03","guid":{"rendered":"https:\/\/roger-gil.fr\/?p=1814"},"modified":"2025-04-11T20:13:02","modified_gmt":"2025-04-11T20:13:02","slug":"elementor-1814","status":"publish","type":"post","link":"https:\/\/roger-gil.fr\/?p=1814","title":{"rendered":"Proposition de loi sur la fin de vie : une mise en p\u00e9ril de l\u2019autonomie"},"content":{"rendered":"\t\t<div data-elementor-type=\"wp-post\" data-elementor-id=\"1814\" class=\"elementor elementor-1814\">\n\t\t\t\t<div class=\"elementor-element elementor-element-ed3b729 e-flex e-con-boxed e-con e-parent\" data-id=\"ed3b729\" data-element_type=\"container\" data-e-type=\"container\">\n\t\t\t\t\t<div class=\"e-con-inner\">\n\t\t\t\t<div class=\"elementor-element elementor-element-ea58e51 elementor-widget elementor-widget-heading\" data-id=\"ea58e51\" data-element_type=\"widget\" data-e-type=\"widget\" data-widget_type=\"heading.default\">\n\t\t\t\t<div class=\"elementor-widget-container\">\n\t\t\t\t\t<h3 class=\"elementor-heading-title elementor-size-default\">Proposition de loi sur la fin de vie : une mise en p\u00e9ril de l\u2019autonomie <\/h3>\t\t\t\t<\/div>\n\t\t\t\t<\/div>\n\t\t\t\t\t<\/div>\n\t\t\t\t<\/div>\n\t\t<div class=\"elementor-element elementor-element-e3311bc e-flex e-con-boxed e-con e-parent\" data-id=\"e3311bc\" data-element_type=\"container\" data-e-type=\"container\">\n\t\t\t\t\t<div class=\"e-con-inner\">\n\t\t\t\t<div class=\"elementor-element elementor-element-53f37cb elementor-widget elementor-widget-heading\" data-id=\"53f37cb\" data-element_type=\"widget\" data-e-type=\"widget\" data-widget_type=\"heading.default\">\n\t\t\t\t<div class=\"elementor-widget-container\">\n\t\t\t\t\t<h4 class=\"elementor-heading-title elementor-size-default\">Roger Gil. Billet \u00e9thique, 12 avril 2025; 164<\/h4>\t\t\t\t<\/div>\n\t\t\t\t<\/div>\n\t\t\t\t\t<\/div>\n\t\t\t\t<\/div>\n\t\t<div class=\"elementor-element elementor-element-ff7b432 e-flex e-con-boxed e-con e-parent\" data-id=\"ff7b432\" data-element_type=\"container\" data-e-type=\"container\">\n\t\t\t\t\t<div class=\"e-con-inner\">\n\t\t\t\t<div class=\"elementor-element elementor-element-496f597 elementor-widget elementor-widget-text-editor\" data-id=\"496f597\" data-element_type=\"widget\" data-e-type=\"widget\" data-widget_type=\"text-editor.default\">\n\t\t\t\t<div class=\"elementor-widget-container\">\n\t\t\t\t\t\t\t\t\t<p>\u00a0 \u00a0 \u00a0L\u2019expos\u00e9 de la proposition de loi relative \u00e0 la fin de vie dont se saisira le Parlement en mai prochain a de quoi susciter de vives inqui\u00e9tudes en d\u00e9pit du lyrisme de ses motifs introductifs invoquant la libert\u00e9, l\u2019\u00e9galit\u00e9 et la fraternit\u00e9 pour encadrer la mani\u00e8re exp\u00e9ditive la l\u00e9galisation de l\u2019aide active \u00e0 mourir en l\u2019\u00e9dulcorant par la double impasse faite sur l\u2019\u00e9pith\u00e8te \u00ab active \u00bb (alors qu\u2019il s\u2019agit bien de l\u2019administration de substances l\u00e9tales, c\u2019est-\u00e0-dire mortelles) et sur la d\u00e9nomination qui devrait \u00eatre assum\u00e9e de \u00ab suicide assist\u00e9 \u00bb et d\u2019 \u00ab euthanasie \u00bb.<\/p><p>L\u2019un des motifs majeurs d\u2019inqui\u00e9tude est de constater combien la proposition de loi n\u2019aborde que de mani\u00e8re rudimentaire la question majeure de l\u2019autonomie. La seule prudence affich\u00e9e par le l\u00e9gislateur est d\u2019exiger que le malade manifeste une volont\u00e9 libre et \u00e9clair\u00e9e, en consid\u00e9rant comme seule menace \u00e0 une volont\u00e9 libre et \u00e9clair\u00e9e, l\u2019existence \u00ab\u00a0d\u2019une maladie alt\u00e9rant gravement le discernement\u00a0\u00bb. Par contre le texte s\u2019appesantit lourdement sur l\u2019obsession majeure qui a habit\u00e9 ses r\u00e9dacteurs, \u00e0 savoir le d\u00e9lit d\u2019entrave, unique dans la l\u00e9gislation internationale en mena\u00e7ant de poursuites p\u00e9nales et civiles celles et ceux qui exerceraient des \u00ab\u00a0pressions morales et psychologiques\u2026. \u00e0 l\u2019encontre de personnes qui souhaiteraient recourir \u00e0 l\u2019aide \u00e0 mourir\u00a0\u00bb. En somme le risque majeur ne devient pas la mise en \u0153uvre inappropri\u00e9e de l\u2019aide \u00e0 mourir, mais tout ce qui pourrait l\u2019en emp\u00eacher. Ces dispositions sont inqui\u00e9tantes et confirment que ce projet de loi, mutil\u00e9 de bien des mani\u00e8res par rapport \u00e0 sa version native, utilise les souffrances comme cheval de Troie d\u2019un paternalisme libertarien \u00e9nonc\u00e9 d\u2019ailleurs sans ambages dans l\u2019expos\u00e9 des motifs qui font de cette loi \u00ab\u00a0l\u2019image de la libert\u00e9 de disposer de son corps que nous avons sanctuaris\u00e9e dans notre constitution\u00a0\u00bb. Comment admettre que toute demande d\u2019aide \u00e0 mourir, sauf maladie mentale\u00a0grave, t\u00e9moigne n\u00e9cessairement d\u2019une volont\u00e9 libre et \u00e9clair\u00e9e\u00a0? Est-il possible qu\u2019une loi n\u2019accorde pas la moindre attention \u00e0 toutes les d\u00e9tresses qui peuvent conduire \u00e0 \u00e9noncer le souhait de mourir\u00a0? Est-il acceptable qu\u2019un tel souhait soit tenu s\u00e9ance tenante comme l\u2019\u00e9l\u00e9ment d\u00e9clencheur d\u2019une proc\u00e9dure exp\u00e9ditive menant lin\u00e9airement \u00e0 la prescription de la mort. Ce projet de loi m\u00e9conna\u00eet gravement le sens de l\u2019autonomie.<\/p><p>L\u2019autonomie est une conqu\u00eate du si\u00e8cle des Lumi\u00e8res\u00a0: Emmanuel Kant appela l\u2019Homme \u00e0 sortir de sa minorit\u00e9, \u00e0 \u00eatre son propre ma\u00eetre. Mais en m\u00eame temps, Emmanuel Kant avait bien conscience que l\u2019autonomie \u00e9tait pour chacune et pour chacun, une conqu\u00eate qui devait \u00e9chapper aux pressions, aux influences qui alt\u00e8rent la libert\u00e9 de choix, le sujet devenant h\u00e9t\u00e9ronome. C\u2019est \u00e0 juste titre que le concept anglo-saxon d\u2019<em>empowerment <\/em>met l\u2019acc\u00e8s sur la mani\u00e8re de permettre aux personnes vuln\u00e9rables de progresser en autonomie, con\u00e7ue comme une puissance d\u2019agir, une capacit\u00e9 de choisir, car l\u2019autonomie de l\u2019\u00eatre humain est, elle aussi, vuln\u00e9rable donc menac\u00e9e et elle l\u2019est tout particuli\u00e8rement quand l\u2019accident ou la maladie graves arrachent le sujet au cours ordinaire de la vie, d\u00e9sagr\u00e8gent son tissu social, peuvent affecter sa vie familiale. C\u2019est ainsi que sa sant\u00e9 empirant, il se sent inutile, il se vit comme un fardeau pour sa famille, pour la soci\u00e9t\u00e9 et il est alors envahi par un sentiment d\u2019isolement social. Or il a \u00e9t\u00e9 montr\u00e9 que les situations d\u2019isolement social, le sentiment d\u2019abandon activent en imagerie c\u00e9r\u00e9brale les m\u00eames zones que celles qui sont activ\u00e9es par les dimensions \u00e9motionnelles des douleurs physiques. C\u2019est quand les douleurs physiques ou les douleurs psychosociales de l\u2019isolement bouleversent l\u2019\u00e9quilibre \u00e9motionnel, occupent de mani\u00e8re de plus en plus intrusive le champ de conscience, que le sujet devient indisponible \u00e0 toute autre pens\u00e9e que sa douleur et qu\u2019il passe alors de la douleur \u00e0 la souffrance. Tel est le cheminement qui fait passer le sujet de la d\u00e9liaison sociale aux souffrances insupportables qui effondrent le sens m\u00eame de la vie et le go\u00fbt de vivre. C\u2019est dans ce contexte, ignor\u00e9 par cette proposition de loi que le sujet exprimant son d\u00e9sir d\u2019en finir avec la vie pourra \u00eatre consid\u00e9r\u00e9 \u00ab\u00a0l\u00e9galement\u00a0\u00bb comme t\u00e9moignant d\u2019une volont\u00e9 libre et \u00e9clair\u00e9e donc autonome alors qu\u2019il en fait h\u00e9t\u00e9ronome. De telles demandes sont tr\u00e8s souvent r\u00e9versibles ou fluctuantes et font de l\u2019accompagnement, ins\u00e9parable des soins palliatifs, un devoir de reliance qui amende ou efface le sentiment de d\u00e9liaison sociale. On constate aussi que des visites de certains proches ou d\u2019accompagnateurs appartenant aux mondes de la sant\u00e9, du secteur m\u00e9dico-social, du b\u00e9n\u00e9volat associatif peuvent, en all\u00e9geant la souffrance, permettre de retrouver le go\u00fbt de vivre. Ces constats ont d\u2019importantes cons\u00e9quences.<\/p><p>Ils montrent d\u2019abord que le projet de loi proc\u00e8de d\u2019un acharnement libertarien, ignorant la distance qui s\u00e9pare l\u2019\u00e9nonciation d\u2019un souhait d\u2019en finir avec la vie avec une prise de d\u00e9cision \u00e9tay\u00e9e et r\u00e9solue. Comment accepter que pour une d\u00e9cision aussi importante, la coll\u00e9gialit\u00e9 m\u00e9dicale soit esquiv\u00e9e en envisageant que le second m\u00e9decin pourrait donner un avis sans entretien avec la personne malade\u00a0? Comment accepter que la coll\u00e9gialit\u00e9 se r\u00e9duise \u00e0 la qu\u00eate d\u2019avis successifs sans pr\u00e9voir de r\u00e9union et de d\u00e9bat entre les professionnels de sant\u00e9 sollicit\u00e9s qui pourraient ainsi confronter leurs analyses\u00a0? Comment accepter qu\u2019une fois la d\u00e9cision prise, elle puisse \u00eatre ex\u00e9cut\u00e9e dans les 48 heures voire moins, excluant ainsi toute chance de voir \u00e9clore une demande d\u2019accompagnement\u00a0? Ce projet de loi \u00e9mane de personnes en bonne sant\u00e9, qui n\u2019ont ni l\u2019exp\u00e9rience des soins ni l\u2019exp\u00e9rience de l\u2019accompagnement, pouss\u00e9es par leurs convictions philosophiques, par leurs propres repr\u00e9sentations de la mort comme par des exp\u00e9riences issues d\u2019une ou deux situations personnellement v\u00e9cues de mani\u00e8re \u00e9prouvante au sein de leurs relations familiales ou sociales.<\/p><p>\u00a0S\u2019il existe certes des soignants favorables \u00e0 l\u2019euthanasie, ils sont minoritaires et il est triste de constater l\u2019ab\u00eeme qui s\u00e9pare le l\u00e9gislateur de l\u2019immense majorit\u00e9 des m\u00e9decins et des professionnels de sant\u00e9 \u0153uvrant dans le domaine des soins palliatifs, alors qu\u2019ils sont en premi\u00e8re ligne dans l\u2019accompagnement des personnes dites en fin de vie.\u00a0 Ils n\u2019ont de souci que de promouvoir l\u2019autonomie des malades qui peuvent venir jusqu\u2019\u00e0 eux en traitant de mani\u00e8re unifi\u00e9e les souffrances d\u2019origine physique avec toutes les ressources th\u00e9rapeutiques et les souffrances qu\u2019elles soient d\u2019origine physique ou qu\u2019elles proc\u00e8dent de la d\u00e9liaison sociale, par l\u2019accompagnement et les soins apport\u00e9s aux personnes jusqu\u2019au bout de la vie. Est-il acceptable que leur voix ne soit pas entendue\u00a0?<\/p><p>\u00a0\u00a0\u00a0\u00a0\u00a0\u00a0\u00a0\u00a0 \u00a0<\/p>\t\t\t\t\t\t\t\t<\/div>\n\t\t\t\t<\/div>\n\t\t\t\t\t<\/div>\n\t\t\t\t<\/div>\n\t\t<div class=\"elementor-element elementor-element-7abef59 e-flex e-con-boxed e-con e-parent\" data-id=\"7abef59\" data-element_type=\"container\" data-e-type=\"container\">\n\t\t\t\t\t<div class=\"e-con-inner\">\n\t\t\t\t<div class=\"elementor-element elementor-element-3981da1 elementor-widget elementor-widget-text-editor\" data-id=\"3981da1\" data-element_type=\"widget\" data-e-type=\"widget\" data-widget_type=\"text-editor.default\">\n\t\t\t\t<div class=\"elementor-widget-container\">\n\t\t\t\t\t\t\t\t\t<p><em><strong>Le PDF peut \u00eatre consult\u00e9 en cliquant sur le lien suivant:<\/strong><\/em><\/p><p><a href=\"https:\/\/roger-gil.fr\/wp-content\/uploads\/2025\/04\/Fin-de-vie-et-autonomie-12-avril-2025-.pdf\"><em><strong>Fin de vie et autonomie; PDF<\/strong><\/em><\/a><\/p>\t\t\t\t\t\t\t\t<\/div>\n\t\t\t\t<\/div>\n\t\t\t\t\t<\/div>\n\t\t\t\t<\/div>\n\t\t\t\t<\/div>\n\t\t","protected":false},"excerpt":{"rendered":"<p>Proposition de loi sur la fin de vie : une mise en p\u00e9ril de l\u2019autonomie Roger Gil. Billet \u00e9thique, 12 avril 2025; 164 \u00a0 \u00a0 \u00a0L\u2019expos\u00e9 de la proposition de loi relative \u00e0 la fin de vie dont se saisira le Parlement en mai prochain a de quoi susciter de vives inqui\u00e9tudes en d\u00e9pit du&hellip; <span class=\"kuorinka-read-more\"><a href=\"https:\/\/roger-gil.fr\/?p=1814\" class=\"more-link\">Lire la suite <span class=\"screen-reader-text\">Proposition de loi sur la fin de vie : une mise en p\u00e9ril de l\u2019autonomie<\/span><\/a><\/span><\/p>\n","protected":false},"author":3,"featured_media":0,"comment_status":"closed","ping_status":"open","sticky":false,"template":"","format":"standard","meta":{"_crdt_document":"","footnotes":""},"categories":[177,206,174],"tags":[109,143,203,207,82],"class_list":{"0":"post-1814","1":"post","2":"type-post","3":"status-publish","4":"format-standard","6":"category-billet-ethique-bioethique-et-societe","7":"category-billet-ethique-fin-de-vie-soins-palliatifs","8":"category-bioethique","9":"tag-accompagnement","10":"tag-bioethique","11":"tag-douleur-et-souffrance","12":"tag-euthanasie-et-suicide-assiste","13":"tag-fin-de-vie","14":"entry"},"yoast_head":"<!-- This site is optimized with the Yoast SEO plugin v25.9 - https:\/\/yoast.com\/wordpress\/plugins\/seo\/ -->\n<title>Proposition de loi sur la fin de vie : une mise en p\u00e9ril de l\u2019autonomie - Neuropsychologie, Bio\u00e9thique, Spiritualit\u00e9<\/title>\n<meta name=\"robots\" content=\"index, follow, max-snippet:-1, max-image-preview:large, max-video-preview:-1\" \/>\n<link rel=\"canonical\" href=\"https:\/\/roger-gil.fr\/?p=1814\" \/>\n<meta property=\"og:locale\" content=\"fr_FR\" \/>\n<meta property=\"og:type\" content=\"article\" \/>\n<meta property=\"og:title\" content=\"Proposition de loi sur la fin de vie : une mise en p\u00e9ril de l\u2019autonomie - Neuropsychologie, Bio\u00e9thique, Spiritualit\u00e9\" \/>\n<meta property=\"og:description\" content=\"Proposition de loi sur la fin de vie : une mise en p\u00e9ril de l\u2019autonomie Roger Gil. Billet \u00e9thique, 12 avril 2025; 164 \u00a0 \u00a0 \u00a0L\u2019expos\u00e9 de la proposition de loi relative \u00e0 la fin de vie dont se saisira le Parlement en mai prochain a de quoi susciter de vives inqui\u00e9tudes en d\u00e9pit du&hellip; Lire la suite Proposition de loi sur la fin de vie : une mise en p\u00e9ril de l\u2019autonomie\" \/>\n<meta property=\"og:url\" content=\"https:\/\/roger-gil.fr\/?p=1814\" \/>\n<meta property=\"og:site_name\" content=\"Neuropsychologie, Bio\u00e9thique, Spiritualit\u00e9\" \/>\n<meta property=\"article:published_time\" content=\"2025-04-11T19:56:03+00:00\" \/>\n<meta property=\"article:modified_time\" content=\"2025-04-11T20:13:02+00:00\" \/>\n<meta name=\"author\" content=\"Roger Gil\" \/>\n<meta name=\"twitter:card\" content=\"summary_large_image\" \/>\n<meta name=\"twitter:label1\" content=\"\u00c9crit par\" \/>\n\t<meta name=\"twitter:data1\" content=\"Roger Gil\" \/>\n\t<meta name=\"twitter:label2\" content=\"Dur\u00e9e de lecture estim\u00e9e\" \/>\n\t<meta name=\"twitter:data2\" content=\"6 minutes\" \/>\n<script type=\"application\/ld+json\" class=\"yoast-schema-graph\">{\"@context\":\"https:\/\/schema.org\",\"@graph\":[{\"@type\":\"Article\",\"@id\":\"https:\/\/roger-gil.fr\/?p=1814#article\",\"isPartOf\":{\"@id\":\"https:\/\/roger-gil.fr\/?p=1814\"},\"author\":{\"name\":\"Roger Gil\",\"@id\":\"https:\/\/roger-gil.fr\/#\/schema\/person\/ec69375883cbc8e97a44857780352afb\"},\"headline\":\"Proposition de loi sur la fin de vie : une mise en p\u00e9ril de l\u2019autonomie\",\"datePublished\":\"2025-04-11T19:56:03+00:00\",\"dateModified\":\"2025-04-11T20:13:02+00:00\",\"mainEntityOfPage\":{\"@id\":\"https:\/\/roger-gil.fr\/?p=1814\"},\"wordCount\":1276,\"publisher\":{\"@id\":\"https:\/\/roger-gil.fr\/#\/schema\/person\/ec69375883cbc8e97a44857780352afb\"},\"keywords\":[\"accompagnement\",\"bio\u00e9thique\",\"Douleur et souffrance\",\"euthanasie et suicide assist\u00e9\",\"fin de vie\"],\"articleSection\":[\"Billet \u00e9thique\/Bio\u00e9thique et soci\u00e9t\u00e9\",\"Billet \u00e9thique\/Fin de vie; soins palliatifs\",\"Bio\u00e9thique\"],\"inLanguage\":\"fr-FR\"},{\"@type\":\"WebPage\",\"@id\":\"https:\/\/roger-gil.fr\/?p=1814\",\"url\":\"https:\/\/roger-gil.fr\/?p=1814\",\"name\":\"Proposition de loi sur la fin de vie : une mise en p\u00e9ril de l\u2019autonomie - Neuropsychologie, Bio\u00e9thique, Spiritualit\u00e9\",\"isPartOf\":{\"@id\":\"https:\/\/roger-gil.fr\/#website\"},\"datePublished\":\"2025-04-11T19:56:03+00:00\",\"dateModified\":\"2025-04-11T20:13:02+00:00\",\"breadcrumb\":{\"@id\":\"https:\/\/roger-gil.fr\/?p=1814#breadcrumb\"},\"inLanguage\":\"fr-FR\",\"potentialAction\":[{\"@type\":\"ReadAction\",\"target\":[\"https:\/\/roger-gil.fr\/?p=1814\"]}]},{\"@type\":\"BreadcrumbList\",\"@id\":\"https:\/\/roger-gil.fr\/?p=1814#breadcrumb\",\"itemListElement\":[{\"@type\":\"ListItem\",\"position\":1,\"name\":\"Accueil\",\"item\":\"https:\/\/roger-gil.fr\/\"},{\"@type\":\"ListItem\",\"position\":2,\"name\":\"Proposition de loi sur la fin de vie : une mise en p\u00e9ril de l\u2019autonomie\"}]},{\"@type\":\"WebSite\",\"@id\":\"https:\/\/roger-gil.fr\/#website\",\"url\":\"https:\/\/roger-gil.fr\/\",\"name\":\"Neuropsychologie, Bio\u00e9thique, Spiritualit\u00e9\",\"description\":\"Roger Gil : Professeur \u00e9m\u00e9rite de neurologie, doyen honoraire de la Facult\u00e9 de m\u00e9decine pharmacie de l&#039;Universit\u00e9 de Poitiers\",\"publisher\":{\"@id\":\"https:\/\/roger-gil.fr\/#\/schema\/person\/ec69375883cbc8e97a44857780352afb\"},\"potentialAction\":[{\"@type\":\"SearchAction\",\"target\":{\"@type\":\"EntryPoint\",\"urlTemplate\":\"https:\/\/roger-gil.fr\/?s={search_term_string}\"},\"query-input\":{\"@type\":\"PropertyValueSpecification\",\"valueRequired\":true,\"valueName\":\"search_term_string\"}}],\"inLanguage\":\"fr-FR\"},{\"@type\":[\"Person\",\"Organization\"],\"@id\":\"https:\/\/roger-gil.fr\/#\/schema\/person\/ec69375883cbc8e97a44857780352afb\",\"name\":\"Roger Gil\",\"image\":{\"@type\":\"ImageObject\",\"inLanguage\":\"fr-FR\",\"@id\":\"https:\/\/roger-gil.fr\/#\/schema\/person\/image\/\",\"url\":\"https:\/\/roger-gil.fr\/wp-content\/uploads\/2025\/08\/ROGER-GIL.webp\",\"contentUrl\":\"https:\/\/roger-gil.fr\/wp-content\/uploads\/2025\/08\/ROGER-GIL.webp\",\"width\":1024,\"height\":1254,\"caption\":\"Roger Gil\"},\"logo\":{\"@id\":\"https:\/\/roger-gil.fr\/#\/schema\/person\/image\/\"},\"url\":\"https:\/\/roger-gil.fr\/?author=3\"}]}<\/script>\n<!-- \/ Yoast SEO plugin. -->","yoast_head_json":{"title":"Proposition de loi sur la fin de vie : une mise en p\u00e9ril de l\u2019autonomie - Neuropsychologie, Bio\u00e9thique, Spiritualit\u00e9","robots":{"index":"index","follow":"follow","max-snippet":"max-snippet:-1","max-image-preview":"max-image-preview:large","max-video-preview":"max-video-preview:-1"},"canonical":"https:\/\/roger-gil.fr\/?p=1814","og_locale":"fr_FR","og_type":"article","og_title":"Proposition de loi sur la fin de vie : une mise en p\u00e9ril de l\u2019autonomie - Neuropsychologie, Bio\u00e9thique, Spiritualit\u00e9","og_description":"Proposition de loi sur la fin de vie : une mise en p\u00e9ril de l\u2019autonomie Roger Gil. Billet \u00e9thique, 12 avril 2025; 164 \u00a0 \u00a0 \u00a0L\u2019expos\u00e9 de la proposition de loi relative \u00e0 la fin de vie dont se saisira le Parlement en mai prochain a de quoi susciter de vives inqui\u00e9tudes en d\u00e9pit du&hellip; Lire la suite Proposition de loi sur la fin de vie : une mise en p\u00e9ril de l\u2019autonomie","og_url":"https:\/\/roger-gil.fr\/?p=1814","og_site_name":"Neuropsychologie, Bio\u00e9thique, Spiritualit\u00e9","article_published_time":"2025-04-11T19:56:03+00:00","article_modified_time":"2025-04-11T20:13:02+00:00","author":"Roger Gil","twitter_card":"summary_large_image","twitter_misc":{"\u00c9crit par":"Roger Gil","Dur\u00e9e de lecture estim\u00e9e":"6 minutes"},"schema":{"@context":"https:\/\/schema.org","@graph":[{"@type":"Article","@id":"https:\/\/roger-gil.fr\/?p=1814#article","isPartOf":{"@id":"https:\/\/roger-gil.fr\/?p=1814"},"author":{"name":"Roger Gil","@id":"https:\/\/roger-gil.fr\/#\/schema\/person\/ec69375883cbc8e97a44857780352afb"},"headline":"Proposition de loi sur la fin de vie : une mise en p\u00e9ril de l\u2019autonomie","datePublished":"2025-04-11T19:56:03+00:00","dateModified":"2025-04-11T20:13:02+00:00","mainEntityOfPage":{"@id":"https:\/\/roger-gil.fr\/?p=1814"},"wordCount":1276,"publisher":{"@id":"https:\/\/roger-gil.fr\/#\/schema\/person\/ec69375883cbc8e97a44857780352afb"},"keywords":["accompagnement","bio\u00e9thique","Douleur et souffrance","euthanasie et suicide assist\u00e9","fin de vie"],"articleSection":["Billet \u00e9thique\/Bio\u00e9thique et soci\u00e9t\u00e9","Billet \u00e9thique\/Fin de vie; soins palliatifs","Bio\u00e9thique"],"inLanguage":"fr-FR"},{"@type":"WebPage","@id":"https:\/\/roger-gil.fr\/?p=1814","url":"https:\/\/roger-gil.fr\/?p=1814","name":"Proposition de loi sur la fin de vie : une mise en p\u00e9ril de l\u2019autonomie - Neuropsychologie, Bio\u00e9thique, Spiritualit\u00e9","isPartOf":{"@id":"https:\/\/roger-gil.fr\/#website"},"datePublished":"2025-04-11T19:56:03+00:00","dateModified":"2025-04-11T20:13:02+00:00","breadcrumb":{"@id":"https:\/\/roger-gil.fr\/?p=1814#breadcrumb"},"inLanguage":"fr-FR","potentialAction":[{"@type":"ReadAction","target":["https:\/\/roger-gil.fr\/?p=1814"]}]},{"@type":"BreadcrumbList","@id":"https:\/\/roger-gil.fr\/?p=1814#breadcrumb","itemListElement":[{"@type":"ListItem","position":1,"name":"Accueil","item":"https:\/\/roger-gil.fr\/"},{"@type":"ListItem","position":2,"name":"Proposition de loi sur la fin de vie : une mise en p\u00e9ril de l\u2019autonomie"}]},{"@type":"WebSite","@id":"https:\/\/roger-gil.fr\/#website","url":"https:\/\/roger-gil.fr\/","name":"Neuropsychologie, Bio\u00e9thique, Spiritualit\u00e9","description":"Roger Gil : Professeur \u00e9m\u00e9rite de neurologie, doyen honoraire de la Facult\u00e9 de m\u00e9decine pharmacie de l&#039;Universit\u00e9 de Poitiers","publisher":{"@id":"https:\/\/roger-gil.fr\/#\/schema\/person\/ec69375883cbc8e97a44857780352afb"},"potentialAction":[{"@type":"SearchAction","target":{"@type":"EntryPoint","urlTemplate":"https:\/\/roger-gil.fr\/?s={search_term_string}"},"query-input":{"@type":"PropertyValueSpecification","valueRequired":true,"valueName":"search_term_string"}}],"inLanguage":"fr-FR"},{"@type":["Person","Organization"],"@id":"https:\/\/roger-gil.fr\/#\/schema\/person\/ec69375883cbc8e97a44857780352afb","name":"Roger Gil","image":{"@type":"ImageObject","inLanguage":"fr-FR","@id":"https:\/\/roger-gil.fr\/#\/schema\/person\/image\/","url":"https:\/\/roger-gil.fr\/wp-content\/uploads\/2025\/08\/ROGER-GIL.webp","contentUrl":"https:\/\/roger-gil.fr\/wp-content\/uploads\/2025\/08\/ROGER-GIL.webp","width":1024,"height":1254,"caption":"Roger Gil"},"logo":{"@id":"https:\/\/roger-gil.fr\/#\/schema\/person\/image\/"},"url":"https:\/\/roger-gil.fr\/?author=3"}]}},"_links":{"self":[{"href":"https:\/\/roger-gil.fr\/index.php?rest_route=\/wp\/v2\/posts\/1814","targetHints":{"allow":["GET"]}}],"collection":[{"href":"https:\/\/roger-gil.fr\/index.php?rest_route=\/wp\/v2\/posts"}],"about":[{"href":"https:\/\/roger-gil.fr\/index.php?rest_route=\/wp\/v2\/types\/post"}],"author":[{"embeddable":true,"href":"https:\/\/roger-gil.fr\/index.php?rest_route=\/wp\/v2\/users\/3"}],"replies":[{"embeddable":true,"href":"https:\/\/roger-gil.fr\/index.php?rest_route=%2Fwp%2Fv2%2Fcomments&post=1814"}],"version-history":[{"count":9,"href":"https:\/\/roger-gil.fr\/index.php?rest_route=\/wp\/v2\/posts\/1814\/revisions"}],"predecessor-version":[{"id":1826,"href":"https:\/\/roger-gil.fr\/index.php?rest_route=\/wp\/v2\/posts\/1814\/revisions\/1826"}],"wp:attachment":[{"href":"https:\/\/roger-gil.fr\/index.php?rest_route=%2Fwp%2Fv2%2Fmedia&parent=1814"}],"wp:term":[{"taxonomy":"category","embeddable":true,"href":"https:\/\/roger-gil.fr\/index.php?rest_route=%2Fwp%2Fv2%2Fcategories&post=1814"},{"taxonomy":"post_tag","embeddable":true,"href":"https:\/\/roger-gil.fr\/index.php?rest_route=%2Fwp%2Fv2%2Ftags&post=1814"}],"curies":[{"name":"wp","href":"https:\/\/api.w.org\/{rel}","templated":true}]}}