{"id":1799,"date":"2025-04-07T12:58:44","date_gmt":"2025-04-07T12:58:44","guid":{"rendered":"https:\/\/roger-gil.fr\/?p=1799"},"modified":"2025-04-07T13:19:40","modified_gmt":"2025-04-07T13:19:40","slug":"elementor-1799","status":"publish","type":"post","link":"https:\/\/roger-gil.fr\/?p=1799","title":{"rendered":"Angoisse et engagement : br\u00e8ve m\u00e9ditation \u00e9thique"},"content":{"rendered":"\t\t<div data-elementor-type=\"wp-post\" data-elementor-id=\"1799\" class=\"elementor elementor-1799\">\n\t\t\t\t<div class=\"elementor-element elementor-element-82453d8 e-flex e-con-boxed e-con e-parent\" data-id=\"82453d8\" data-element_type=\"container\" data-e-type=\"container\">\n\t\t\t\t\t<div class=\"e-con-inner\">\n\t\t\t\t<div class=\"elementor-element elementor-element-b34a434 elementor-widget elementor-widget-heading\" data-id=\"b34a434\" data-element_type=\"widget\" data-e-type=\"widget\" data-widget_type=\"heading.default\">\n\t\t\t\t<div class=\"elementor-widget-container\">\n\t\t\t\t\t<h3 class=\"elementor-heading-title elementor-size-default\">\t\tAngoisse et engagement : br\u00e8ve m\u00e9ditation \u00e9thique <\/h3>\t\t\t\t<\/div>\n\t\t\t\t<\/div>\n\t\t\t\t\t<\/div>\n\t\t\t\t<\/div>\n\t\t<div class=\"elementor-element elementor-element-ae77033 e-flex e-con-boxed e-con e-parent\" data-id=\"ae77033\" data-element_type=\"container\" data-e-type=\"container\">\n\t\t\t\t\t<div class=\"e-con-inner\">\n\t\t\t\t<div class=\"elementor-element elementor-element-a5e7797 elementor-widget elementor-widget-heading\" data-id=\"a5e7797\" data-element_type=\"widget\" data-e-type=\"widget\" data-widget_type=\"heading.default\">\n\t\t\t\t<div class=\"elementor-widget-container\">\n\t\t\t\t\t<h4 class=\"elementor-heading-title elementor-size-default\">Roger Gil; Billet \u00e9thique; 7 avril 2025; 163<\/h4>\t\t\t\t<\/div>\n\t\t\t\t<\/div>\n\t\t\t\t\t<\/div>\n\t\t\t\t<\/div>\n\t\t<div class=\"elementor-element elementor-element-fe3fe9e e-flex e-con-boxed e-con e-parent\" data-id=\"fe3fe9e\" data-element_type=\"container\" data-e-type=\"container\">\n\t\t\t\t\t<div class=\"e-con-inner\">\n\t\t\t\t<div class=\"elementor-element elementor-element-bef633c elementor-widget elementor-widget-text-editor\" data-id=\"bef633c\" data-element_type=\"widget\" data-e-type=\"widget\" data-widget_type=\"text-editor.default\">\n\t\t\t\t<div class=\"elementor-widget-container\">\n\t\t\t\t\t\t\t\t\t<p>\u00a0 \u00a0 \u00a0 En quoi l\u2019angoisse peut-elle \u00eatre \u00e0 la source de l\u2019engagement ?\u00a0 Non pas l\u2019angoisse emp\u00eachante, qui peut d\u00e9ferler sur l\u2019\u00eatre humain, agitant des dangers intenses et impr\u00e9cis, paralysant l\u2019action et qui est de l\u2019ordre de la prise en charge psychologique. Mais une angoisse existentielle, celle qui surgit de la prise de conscience de la finitude humaine, de la crainte de la mort de l\u2019Autre et de sa propre mort. Ou encore une angoisse morale ou \u00e9thique, mobilis\u00e9e par cette myst\u00e9rieuse conscience morale o\u00f9 se m\u00ealent le \u00ab sens du devoir <a href=\"#_ftn1\" name=\"_ftnref1\"><sup>[1]<\/sup><\/a>\u00bb, l\u2019empathie qui ouvrent \u00e0 la souffrance d\u2019autrui comme \u00e0 une culpabilisation et qui convoque notre \u00ab\u00a0responsabilit\u00e9 -pour-Autrui\u00a0\u00bb<a href=\"#_ftn2\" name=\"_ftnref2\"><sup>[2]<\/sup><\/a>\u00a0: et d\u00e9j\u00e0, le visage, vu , rencontr\u00e9, imagin\u00e9, ce visage de l\u2019Autre selon Emmanuel Levinas nous a enseign\u00e9 par sa pr\u00e9sence et son regard, d\u00e8s le d\u00e9but de notre vie, notre propre humanit\u00e9, ce visage dont je deviens responsable et qui au-del\u00e0 m\u00eame de mon incapacit\u00e9 \u00e0 le tuer me fait craindre pour sa propre mort<a href=\"#_ftn3\" name=\"_ftnref3\"><sup>[3]<\/sup><\/a>. .<\/p><p>Ainsi les \u00e9preuves, les injustices subies par Autrui entrent en tension avec la vie du sujet pour en menacer l\u2019harmonie. Tel est l\u2019autre visage de l\u2019angoisse morale ou angoisse \u00e9thique, qui peut rendre insupportables les malheurs des Autres, les malheurs du Monde.<\/p><p>L\u2019angoisse \u00e9thique comme tension et crainte diffuse d\u00e9clench\u00e9e en nous par la mise en pr\u00e9sence de l\u2019Autre vuln\u00e9rable, cette angoisse \u00e9thique affin\u00e9e par l\u2019empathie peut \u00eatre lue comme une source de cette prise de conscience du devoir, de ce \u00ab\u00a0souci de l\u2019autre\u00a0\u00bb qu\u2019est l\u2019engagement. Et c\u2019est cette m\u00eame angoisse devenue sollicitude, cette mani\u00e8re d\u2019\u00eatre remu\u00e9 en dedans de nous, qui incite au respect qui peut ainsi retrouver l\u2019authenticit\u00e9 de son \u00e9tymologie. Car respect vient du latin <em>respicio<\/em> qui veut dire regarder, non du regard qui transperce, mais du regard qui se pose, qui arr\u00eate notre route d\u00e8s lors que nous devenons attentifs \u00e0 l\u2019Autre, cet Autre qui devient alors pr\u00e9sent \u00e0 notre conscience, \u00e0 notre attention, \u00e0 notre consid\u00e9ration.<\/p><p>C\u2019est aussi l\u2019angoisse qui d\u2019une certaine mani\u00e8re provoque le M.\u00a0Salomon du roman d\u2019Emile Ajar<a href=\"#_ftn4\" name=\"_ftnref4\"><sup>[4]<\/sup><\/a>\u00a0; ce vieil homme qui a fait fortune dans le pr\u00eat-\u00e0-porter a d\u00e9cid\u00e9 de s\u2019engager dans une association d\u2019\u00e9coute des d\u00e9tresses humaines appel\u00e9e S.O\u00a0.S b\u00e9n\u00e9voles et il dit\u00a0: \u00ab\u00a0C\u2019est une honte&#8230;.Le monde devient chaque jour plus lourd \u00e0 porter\u00a0\u00bb. Certes il faut paradoxalement craindre la trop grande visibilit\u00e9, la trop grande pr\u00e9sence de la d\u00e9tresse qui peut finir par anesth\u00e9sier l\u2019angoisse et les consciences et conduire \u00e0 un monde indiff\u00e9rent, r\u00e9fugi\u00e9 dans une morale minimaliste. Mais Romain Gary raconte que M.\u00a0Salomon \u00ab\u00a0\u00e9tait ce qu\u2019on appelle mal \u00e9teint, chez les volcans. Il \u00e9tait encore volcanique \u00e0 l\u2019int\u00e9rieur, il bouillonnait et fulminait avec passion\u00a0\u00bb. Oui l\u2019angoisse de M.\u00a0Salomon s\u2019alimentait aussi d\u2019une protestation \u00e0 l\u2019\u00e9gard de ce trop-plein de d\u00e9tresses d\u2019un monde trop injuste. Protestation \u00e9crivait Romain Gary, ou r\u00e9volte \u00e9crivait Albert Camus. Qu\u2019importe. Nul n\u2019a la r\u00e9ponse au sentiment d\u2019injustice qui peut surgir au constat des dissemblances des destin\u00e9es humaines. L\u2019essentiel est de rester capable d\u2019\u00eatre \u00e9mu, capable de ressentir cette angoisse \u00e9thique sans rester dans une protestation ou une r\u00e9volte st\u00e9rile, mais en y puisant la raison m\u00eame de nos engagements. Et c\u2019est ainsi que l\u2019angoisse puis la protestation peuvent constituer les fondations \u00e9thiques parce que vivantes de l\u2019engagement, une certaine mani\u00e8re de donner sens \u00e0 la vie.<\/p><p><a href=\"#_ftnref1\" name=\"_ftn1\">[1]<\/a> Emmanuel Kant, <em>Principes m\u00e9taphysiques de la morale<\/em>, trad. par CJ Tissot (Paris: Chez Levrault, 1830).<\/p><p><a href=\"#_ftnref2\" name=\"_ftn2\">[2]<\/a> E. Levinas, <em>Autrement qu\u2019\u00eatre ou au-del\u00e0 de l\u2019essence<\/em>, 1 vol., Le Livre de poche. Biblio essais 4121 (Paris, France: Librairie g\u00e9n\u00e9rale fran\u00e7aise, 2006).<\/p><p><a href=\"#_ftnref3\" name=\"_ftn3\">[3]<\/a> Emmanuel Levinas, <em>\u00c9thique et infini: dialogues avec Philippe Nemo<\/em> (Paris: Fayard\u202f: Radio France, 1982).<\/p><p><a href=\"#_ftnref4\" name=\"_ftn4\">[4]<\/a> Romain Gary, <em>L\u2019Angoisse du roi Salomon<\/em> (Paris, France: Rombaldi, 1980).<\/p>\t\t\t\t\t\t\t\t<\/div>\n\t\t\t\t<\/div>\n\t\t\t\t\t<\/div>\n\t\t\t\t<\/div>\n\t\t<div class=\"elementor-element elementor-element-62013e4 e-flex e-con-boxed e-con e-parent\" data-id=\"62013e4\" data-element_type=\"container\" data-e-type=\"container\">\n\t\t\t\t\t<div class=\"e-con-inner\">\n\t\t\t\t<div class=\"elementor-element elementor-element-072f75b elementor-widget elementor-widget-text-editor\" data-id=\"072f75b\" data-element_type=\"widget\" data-e-type=\"widget\" data-widget_type=\"text-editor.default\">\n\t\t\t\t<div class=\"elementor-widget-container\">\n\t\t\t\t\t\t\t\t\t<p><em><strong>Le PDF peut \u00eatre consult\u00e9 en cliquant sur le lien suivant:<\/strong><\/em><\/p><p><a href=\"https:\/\/roger-gil.fr\/wp-content\/uploads\/2025\/04\/Angoisse-et-engagement-7-avril-2025-.pdf\" target=\"_blank\" rel=\"noopener\"><em><strong>Angoisse et engagement PDF<\/strong><\/em><\/a><\/p><p><em><strong>Pour \u00e9couter la version radiophonique sur Youtube, cliquer ci-dessous:<\/strong><\/em><\/p>\t\t\t\t\t\t\t\t<\/div>\n\t\t\t\t<\/div>\n\t\t\t\t\t<\/div>\n\t\t\t\t<\/div>\n\t\t<div class=\"elementor-element elementor-element-2307b82 e-flex e-con-boxed e-con e-parent\" data-id=\"2307b82\" data-element_type=\"container\" data-e-type=\"container\">\n\t\t\t\t\t<div class=\"e-con-inner\">\n\t\t\t\t<div class=\"elementor-element elementor-element-bb84996 elementor-widget elementor-widget-video\" data-id=\"bb84996\" data-element_type=\"widget\" data-e-type=\"widget\" data-settings=\"{&quot;youtube_url&quot;:&quot;https:\\\/\\\/youtu.be\\\/BCQR8RDeubw&quot;,&quot;video_type&quot;:&quot;youtube&quot;,&quot;controls&quot;:&quot;yes&quot;}\" data-widget_type=\"video.default\">\n\t\t\t\t<div class=\"elementor-widget-container\">\n\t\t\t\t\t\t\t<div class=\"elementor-wrapper elementor-open-inline\">\n\t\t\t<div class=\"elementor-video\"><\/div>\t\t<\/div>\n\t\t\t\t\t\t<\/div>\n\t\t\t\t<\/div>\n\t\t\t\t\t<\/div>\n\t\t\t\t<\/div>\n\t\t\t\t<\/div>\n\t\t","protected":false},"excerpt":{"rendered":"<p>Angoisse et engagement : br\u00e8ve m\u00e9ditation \u00e9thique Roger Gil; Billet \u00e9thique; 7 avril 2025; 163 \u00a0 \u00a0 \u00a0 En quoi l\u2019angoisse peut-elle \u00eatre \u00e0 la source de l\u2019engagement ?\u00a0 Non pas l\u2019angoisse emp\u00eachante, qui peut d\u00e9ferler sur l\u2019\u00eatre humain, agitant des dangers intenses et impr\u00e9cis, paralysant l\u2019action et qui est de l\u2019ordre de la prise&hellip; <span class=\"kuorinka-read-more\"><a href=\"https:\/\/roger-gil.fr\/?p=1799\" class=\"more-link\">Lire la suite <span class=\"screen-reader-text\">Angoisse et engagement : br\u00e8ve m\u00e9ditation \u00e9thique<\/span><\/a><\/span><\/p>\n","protected":false},"author":3,"featured_media":0,"comment_status":"closed","ping_status":"open","sticky":false,"template":"","format":"standard","meta":{"_crdt_document":"","footnotes":""},"categories":[177,174,172],"tags":[109,143,204,176,175],"class_list":{"0":"post-1799","1":"post","2":"type-post","3":"status-publish","4":"format-standard","6":"category-billet-ethique-bioethique-et-societe","7":"category-bioethique","8":"category-neuropsychologie","9":"tag-accompagnement","10":"tag-bioethique","11":"tag-chronique-radio","12":"tag-cognition-sociale","13":"tag-neuropsychologie","14":"entry"},"yoast_head":"<!-- This site is optimized with the Yoast SEO plugin v25.9 - https:\/\/yoast.com\/wordpress\/plugins\/seo\/ -->\n<title>Angoisse et engagement : br\u00e8ve m\u00e9ditation \u00e9thique - Neuropsychologie, Bio\u00e9thique, Spiritualit\u00e9<\/title>\n<meta name=\"robots\" content=\"index, follow, max-snippet:-1, max-image-preview:large, max-video-preview:-1\" \/>\n<link rel=\"canonical\" href=\"https:\/\/roger-gil.fr\/?p=1799\" \/>\n<meta property=\"og:locale\" content=\"fr_FR\" \/>\n<meta property=\"og:type\" content=\"article\" \/>\n<meta property=\"og:title\" content=\"Angoisse et engagement : br\u00e8ve m\u00e9ditation \u00e9thique - Neuropsychologie, Bio\u00e9thique, Spiritualit\u00e9\" \/>\n<meta property=\"og:description\" content=\"Angoisse et engagement : br\u00e8ve m\u00e9ditation \u00e9thique Roger Gil; Billet \u00e9thique; 7 avril 2025; 163 \u00a0 \u00a0 \u00a0 En quoi l\u2019angoisse peut-elle \u00eatre \u00e0 la source de l\u2019engagement ?\u00a0 Non pas l\u2019angoisse emp\u00eachante, qui peut d\u00e9ferler sur l\u2019\u00eatre humain, agitant des dangers intenses et impr\u00e9cis, paralysant l\u2019action et qui est de l\u2019ordre de la prise&hellip; Lire la suite Angoisse et engagement : br\u00e8ve m\u00e9ditation \u00e9thique\" \/>\n<meta property=\"og:url\" content=\"https:\/\/roger-gil.fr\/?p=1799\" \/>\n<meta property=\"og:site_name\" content=\"Neuropsychologie, Bio\u00e9thique, Spiritualit\u00e9\" \/>\n<meta property=\"article:published_time\" content=\"2025-04-07T12:58:44+00:00\" \/>\n<meta property=\"article:modified_time\" content=\"2025-04-07T13:19:40+00:00\" \/>\n<meta name=\"author\" content=\"Roger Gil\" \/>\n<meta name=\"twitter:card\" content=\"summary_large_image\" \/>\n<meta name=\"twitter:label1\" content=\"\u00c9crit par\" \/>\n\t<meta name=\"twitter:data1\" content=\"Roger Gil\" \/>\n\t<meta name=\"twitter:label2\" content=\"Dur\u00e9e de lecture estim\u00e9e\" \/>\n\t<meta name=\"twitter:data2\" content=\"4 minutes\" \/>\n<script type=\"application\/ld+json\" class=\"yoast-schema-graph\">{\"@context\":\"https:\/\/schema.org\",\"@graph\":[{\"@type\":\"Article\",\"@id\":\"https:\/\/roger-gil.fr\/?p=1799#article\",\"isPartOf\":{\"@id\":\"https:\/\/roger-gil.fr\/?p=1799\"},\"author\":{\"name\":\"Roger Gil\",\"@id\":\"https:\/\/roger-gil.fr\/#\/schema\/person\/ec69375883cbc8e97a44857780352afb\"},\"headline\":\"Angoisse et engagement : br\u00e8ve m\u00e9ditation \u00e9thique\",\"datePublished\":\"2025-04-07T12:58:44+00:00\",\"dateModified\":\"2025-04-07T13:19:40+00:00\",\"mainEntityOfPage\":{\"@id\":\"https:\/\/roger-gil.fr\/?p=1799\"},\"wordCount\":737,\"publisher\":{\"@id\":\"https:\/\/roger-gil.fr\/#\/schema\/person\/ec69375883cbc8e97a44857780352afb\"},\"keywords\":[\"accompagnement\",\"bio\u00e9thique\",\"chronique radio\",\"Cognition sociale\",\"Neuropsychologie\"],\"articleSection\":[\"Billet \u00e9thique\/Bio\u00e9thique et soci\u00e9t\u00e9\",\"Bio\u00e9thique\",\"Neuropsychologie\"],\"inLanguage\":\"fr-FR\"},{\"@type\":\"WebPage\",\"@id\":\"https:\/\/roger-gil.fr\/?p=1799\",\"url\":\"https:\/\/roger-gil.fr\/?p=1799\",\"name\":\"Angoisse et engagement : br\u00e8ve m\u00e9ditation \u00e9thique - Neuropsychologie, Bio\u00e9thique, Spiritualit\u00e9\",\"isPartOf\":{\"@id\":\"https:\/\/roger-gil.fr\/#website\"},\"datePublished\":\"2025-04-07T12:58:44+00:00\",\"dateModified\":\"2025-04-07T13:19:40+00:00\",\"breadcrumb\":{\"@id\":\"https:\/\/roger-gil.fr\/?p=1799#breadcrumb\"},\"inLanguage\":\"fr-FR\",\"potentialAction\":[{\"@type\":\"ReadAction\",\"target\":[\"https:\/\/roger-gil.fr\/?p=1799\"]}]},{\"@type\":\"BreadcrumbList\",\"@id\":\"https:\/\/roger-gil.fr\/?p=1799#breadcrumb\",\"itemListElement\":[{\"@type\":\"ListItem\",\"position\":1,\"name\":\"Accueil\",\"item\":\"https:\/\/roger-gil.fr\/\"},{\"@type\":\"ListItem\",\"position\":2,\"name\":\"Angoisse et engagement : br\u00e8ve m\u00e9ditation \u00e9thique\"}]},{\"@type\":\"WebSite\",\"@id\":\"https:\/\/roger-gil.fr\/#website\",\"url\":\"https:\/\/roger-gil.fr\/\",\"name\":\"Neuropsychologie, Bio\u00e9thique, Spiritualit\u00e9\",\"description\":\"Roger Gil : Professeur \u00e9m\u00e9rite de neurologie, doyen honoraire de la Facult\u00e9 de m\u00e9decine pharmacie de l&#039;Universit\u00e9 de Poitiers\",\"publisher\":{\"@id\":\"https:\/\/roger-gil.fr\/#\/schema\/person\/ec69375883cbc8e97a44857780352afb\"},\"potentialAction\":[{\"@type\":\"SearchAction\",\"target\":{\"@type\":\"EntryPoint\",\"urlTemplate\":\"https:\/\/roger-gil.fr\/?s={search_term_string}\"},\"query-input\":{\"@type\":\"PropertyValueSpecification\",\"valueRequired\":true,\"valueName\":\"search_term_string\"}}],\"inLanguage\":\"fr-FR\"},{\"@type\":[\"Person\",\"Organization\"],\"@id\":\"https:\/\/roger-gil.fr\/#\/schema\/person\/ec69375883cbc8e97a44857780352afb\",\"name\":\"Roger Gil\",\"image\":{\"@type\":\"ImageObject\",\"inLanguage\":\"fr-FR\",\"@id\":\"https:\/\/roger-gil.fr\/#\/schema\/person\/image\/\",\"url\":\"https:\/\/roger-gil.fr\/wp-content\/uploads\/2025\/08\/ROGER-GIL.webp\",\"contentUrl\":\"https:\/\/roger-gil.fr\/wp-content\/uploads\/2025\/08\/ROGER-GIL.webp\",\"width\":1024,\"height\":1254,\"caption\":\"Roger Gil\"},\"logo\":{\"@id\":\"https:\/\/roger-gil.fr\/#\/schema\/person\/image\/\"},\"url\":\"https:\/\/roger-gil.fr\/?author=3\"}]}<\/script>\n<!-- \/ Yoast SEO plugin. -->","yoast_head_json":{"title":"Angoisse et engagement : br\u00e8ve m\u00e9ditation \u00e9thique - Neuropsychologie, Bio\u00e9thique, Spiritualit\u00e9","robots":{"index":"index","follow":"follow","max-snippet":"max-snippet:-1","max-image-preview":"max-image-preview:large","max-video-preview":"max-video-preview:-1"},"canonical":"https:\/\/roger-gil.fr\/?p=1799","og_locale":"fr_FR","og_type":"article","og_title":"Angoisse et engagement : br\u00e8ve m\u00e9ditation \u00e9thique - Neuropsychologie, Bio\u00e9thique, Spiritualit\u00e9","og_description":"Angoisse et engagement : br\u00e8ve m\u00e9ditation \u00e9thique Roger Gil; Billet \u00e9thique; 7 avril 2025; 163 \u00a0 \u00a0 \u00a0 En quoi l\u2019angoisse peut-elle \u00eatre \u00e0 la source de l\u2019engagement ?\u00a0 Non pas l\u2019angoisse emp\u00eachante, qui peut d\u00e9ferler sur l\u2019\u00eatre humain, agitant des dangers intenses et impr\u00e9cis, paralysant l\u2019action et qui est de l\u2019ordre de la prise&hellip; Lire la suite Angoisse et engagement : br\u00e8ve m\u00e9ditation \u00e9thique","og_url":"https:\/\/roger-gil.fr\/?p=1799","og_site_name":"Neuropsychologie, Bio\u00e9thique, Spiritualit\u00e9","article_published_time":"2025-04-07T12:58:44+00:00","article_modified_time":"2025-04-07T13:19:40+00:00","author":"Roger Gil","twitter_card":"summary_large_image","twitter_misc":{"\u00c9crit par":"Roger Gil","Dur\u00e9e de lecture estim\u00e9e":"4 minutes"},"schema":{"@context":"https:\/\/schema.org","@graph":[{"@type":"Article","@id":"https:\/\/roger-gil.fr\/?p=1799#article","isPartOf":{"@id":"https:\/\/roger-gil.fr\/?p=1799"},"author":{"name":"Roger Gil","@id":"https:\/\/roger-gil.fr\/#\/schema\/person\/ec69375883cbc8e97a44857780352afb"},"headline":"Angoisse et engagement : br\u00e8ve m\u00e9ditation \u00e9thique","datePublished":"2025-04-07T12:58:44+00:00","dateModified":"2025-04-07T13:19:40+00:00","mainEntityOfPage":{"@id":"https:\/\/roger-gil.fr\/?p=1799"},"wordCount":737,"publisher":{"@id":"https:\/\/roger-gil.fr\/#\/schema\/person\/ec69375883cbc8e97a44857780352afb"},"keywords":["accompagnement","bio\u00e9thique","chronique radio","Cognition sociale","Neuropsychologie"],"articleSection":["Billet \u00e9thique\/Bio\u00e9thique et soci\u00e9t\u00e9","Bio\u00e9thique","Neuropsychologie"],"inLanguage":"fr-FR"},{"@type":"WebPage","@id":"https:\/\/roger-gil.fr\/?p=1799","url":"https:\/\/roger-gil.fr\/?p=1799","name":"Angoisse et engagement : br\u00e8ve m\u00e9ditation \u00e9thique - Neuropsychologie, Bio\u00e9thique, Spiritualit\u00e9","isPartOf":{"@id":"https:\/\/roger-gil.fr\/#website"},"datePublished":"2025-04-07T12:58:44+00:00","dateModified":"2025-04-07T13:19:40+00:00","breadcrumb":{"@id":"https:\/\/roger-gil.fr\/?p=1799#breadcrumb"},"inLanguage":"fr-FR","potentialAction":[{"@type":"ReadAction","target":["https:\/\/roger-gil.fr\/?p=1799"]}]},{"@type":"BreadcrumbList","@id":"https:\/\/roger-gil.fr\/?p=1799#breadcrumb","itemListElement":[{"@type":"ListItem","position":1,"name":"Accueil","item":"https:\/\/roger-gil.fr\/"},{"@type":"ListItem","position":2,"name":"Angoisse et engagement : br\u00e8ve m\u00e9ditation \u00e9thique"}]},{"@type":"WebSite","@id":"https:\/\/roger-gil.fr\/#website","url":"https:\/\/roger-gil.fr\/","name":"Neuropsychologie, Bio\u00e9thique, Spiritualit\u00e9","description":"Roger Gil : Professeur \u00e9m\u00e9rite de neurologie, doyen honoraire de la Facult\u00e9 de m\u00e9decine pharmacie de l&#039;Universit\u00e9 de Poitiers","publisher":{"@id":"https:\/\/roger-gil.fr\/#\/schema\/person\/ec69375883cbc8e97a44857780352afb"},"potentialAction":[{"@type":"SearchAction","target":{"@type":"EntryPoint","urlTemplate":"https:\/\/roger-gil.fr\/?s={search_term_string}"},"query-input":{"@type":"PropertyValueSpecification","valueRequired":true,"valueName":"search_term_string"}}],"inLanguage":"fr-FR"},{"@type":["Person","Organization"],"@id":"https:\/\/roger-gil.fr\/#\/schema\/person\/ec69375883cbc8e97a44857780352afb","name":"Roger Gil","image":{"@type":"ImageObject","inLanguage":"fr-FR","@id":"https:\/\/roger-gil.fr\/#\/schema\/person\/image\/","url":"https:\/\/roger-gil.fr\/wp-content\/uploads\/2025\/08\/ROGER-GIL.webp","contentUrl":"https:\/\/roger-gil.fr\/wp-content\/uploads\/2025\/08\/ROGER-GIL.webp","width":1024,"height":1254,"caption":"Roger Gil"},"logo":{"@id":"https:\/\/roger-gil.fr\/#\/schema\/person\/image\/"},"url":"https:\/\/roger-gil.fr\/?author=3"}]}},"_links":{"self":[{"href":"https:\/\/roger-gil.fr\/index.php?rest_route=\/wp\/v2\/posts\/1799","targetHints":{"allow":["GET"]}}],"collection":[{"href":"https:\/\/roger-gil.fr\/index.php?rest_route=\/wp\/v2\/posts"}],"about":[{"href":"https:\/\/roger-gil.fr\/index.php?rest_route=\/wp\/v2\/types\/post"}],"author":[{"embeddable":true,"href":"https:\/\/roger-gil.fr\/index.php?rest_route=\/wp\/v2\/users\/3"}],"replies":[{"embeddable":true,"href":"https:\/\/roger-gil.fr\/index.php?rest_route=%2Fwp%2Fv2%2Fcomments&post=1799"}],"version-history":[{"count":9,"href":"https:\/\/roger-gil.fr\/index.php?rest_route=\/wp\/v2\/posts\/1799\/revisions"}],"predecessor-version":[{"id":1809,"href":"https:\/\/roger-gil.fr\/index.php?rest_route=\/wp\/v2\/posts\/1799\/revisions\/1809"}],"wp:attachment":[{"href":"https:\/\/roger-gil.fr\/index.php?rest_route=%2Fwp%2Fv2%2Fmedia&parent=1799"}],"wp:term":[{"taxonomy":"category","embeddable":true,"href":"https:\/\/roger-gil.fr\/index.php?rest_route=%2Fwp%2Fv2%2Fcategories&post=1799"},{"taxonomy":"post_tag","embeddable":true,"href":"https:\/\/roger-gil.fr\/index.php?rest_route=%2Fwp%2Fv2%2Ftags&post=1799"}],"curies":[{"name":"wp","href":"https:\/\/api.w.org\/{rel}","templated":true}]}}