{"id":1774,"date":"2025-03-29T21:38:09","date_gmt":"2025-03-29T21:38:09","guid":{"rendered":"https:\/\/roger-gil.fr\/?p=1774"},"modified":"2025-03-29T23:47:09","modified_gmt":"2025-03-29T23:47:09","slug":"elementor-1774","status":"publish","type":"post","link":"https:\/\/roger-gil.fr\/?p=1774","title":{"rendered":"Cinq ans apr\u00e8s la pand\u00e9mie : constater la vuln\u00e9rabilit\u00e9 anthropologique d\u2019une soci\u00e9t\u00e9 en crise"},"content":{"rendered":"\t\t<div data-elementor-type=\"wp-post\" data-elementor-id=\"1774\" class=\"elementor elementor-1774\">\n\t\t\t\t<div class=\"elementor-element elementor-element-3ba181e e-flex e-con-boxed e-con e-parent\" data-id=\"3ba181e\" data-element_type=\"container\" data-e-type=\"container\">\n\t\t\t\t\t<div class=\"e-con-inner\">\n\t\t\t\t<div class=\"elementor-element elementor-element-9598280 elementor-widget elementor-widget-heading\" data-id=\"9598280\" data-element_type=\"widget\" data-e-type=\"widget\" data-widget_type=\"heading.default\">\n\t\t\t\t<div class=\"elementor-widget-container\">\n\t\t\t\t\t<h3 class=\"elementor-heading-title elementor-size-default\">Cinq ans apr\u00e8s la pand\u00e9mie : constater la vuln\u00e9rabilit\u00e9 anthropologique d\u2019une soci\u00e9t\u00e9 en crise<\/h3>\t\t\t\t<\/div>\n\t\t\t\t<\/div>\n\t\t\t\t\t<\/div>\n\t\t\t\t<\/div>\n\t\t<div class=\"elementor-element elementor-element-acfe242 e-flex e-con-boxed e-con e-parent\" data-id=\"acfe242\" data-element_type=\"container\" data-e-type=\"container\">\n\t\t\t\t\t<div class=\"e-con-inner\">\n\t\t\t\t<div class=\"elementor-element elementor-element-2c7ad0e elementor-widget elementor-widget-heading\" data-id=\"2c7ad0e\" data-element_type=\"widget\" data-e-type=\"widget\" data-widget_type=\"heading.default\">\n\t\t\t\t<div class=\"elementor-widget-container\">\n\t\t\t\t\t<h4 class=\"elementor-heading-title elementor-size-default\">Roger GIL; Billet \u00e9thique; 29 mars 2025; 162<\/h4>\t\t\t\t<\/div>\n\t\t\t\t<\/div>\n\t\t\t\t\t<\/div>\n\t\t\t\t<\/div>\n\t\t<div class=\"elementor-element elementor-element-2a92bd5 e-flex e-con-boxed e-con e-parent\" data-id=\"2a92bd5\" data-element_type=\"container\" data-e-type=\"container\">\n\t\t\t\t\t<div class=\"e-con-inner\">\n\t\t\t\t<div class=\"elementor-element elementor-element-930c2f2 elementor-widget elementor-widget-text-editor\" data-id=\"930c2f2\" data-element_type=\"widget\" data-e-type=\"widget\" data-widget_type=\"text-editor.default\">\n\t\t\t\t<div class=\"elementor-widget-container\">\n\t\t\t\t\t\t\t\t\t<p>\u00a0 \u00a0 \u00a0Cinq ans apr\u00e8s le d\u00e9but de la pand\u00e9mie due au Covid-19, de nombreuses analyses sont publi\u00e9es dans la presse pour rappeler les \u00e9preuves travers\u00e9es par la soci\u00e9t\u00e9, la peur engendr\u00e9e par le virus qui imposa une mise \u00e0 distance (physique, donc sociale donc humaine) des Autres, la mani\u00e8re contrast\u00e9e de vivre le confinement, seuls ou en famille, dans des habitats exigus ou spacieux, les parents, le compagnon, la compagne soudainement confin\u00e9s dans des \u00e9tablissements pour personnes \u00e2g\u00e9es, parfois m\u00eame isol\u00e9es en chambre, ferm\u00e9s \u00e0 la vie pr\u00e9sentielle \u00e0 laquelle on crut pouvoir substituer une vie distancielle, tout \u00e0 la fois pour prot\u00e9ger les plus \u00e2g\u00e9s et pour s\u2019en prot\u00e9ger. Il faut y ajouter ces visites reprises au compte-goutte, dans des conditions qui mutil\u00e8rent toute leur signification et raviv\u00e8rent les souffrances des r\u00e9sidents interdits de toute sortie, auxquels des recommandations torrentielles et v\u00e9tilleuses refus\u00e8rent m\u00eame de voir le visage de leur proche \u00e0 travers des masques transparents en d\u00e9pit de leurs performances de filtration. Et que dire ces personnes d\u00e9c\u00e9d\u00e9es enfouies dans des sacs en plastique et dont les proches ne purent pas voir, ne serait-ce que quelques brefs instants, le visage, condamn\u00e9s \u00e0 souffrir ind\u00e9finiment d\u2019un deuil qui reste encore aujourd\u2019hui une plaie b\u00e9ante ou prompte \u00e0 se raviver. Et que dire aussi de ces photos de visages de d\u00e9funts que l\u2019on pr\u00e9senta ici ou l\u00e0 aux familles en croyant que ces images path\u00e9tiques, intrusives, pouvaient \u00eatre un succ\u00e9dan\u00e9 du visage qu\u2019on leur avait interdit de voir une derni\u00e8re fois.<\/p><p>Cette \u00e9num\u00e9ration non exhaustive, la relecture de billets \u00e9thiques \u00e9crits tout au long de la pand\u00e9mie<a href=\"#_ftn1\" name=\"_ftnref1\"><sup>[1]<\/sup><\/a>, montre que la droiture des intentions ne suffit pas, que la situation de crise ne tol\u00e9ra pas les d\u00e9bats, que l\u2019\u00c9tat se voulut alors paternaliste m\u00e2tinant son souci d\u2019utilitarisme (le plus grand bien pour le plus grand nombre) d\u2019un autoritarisme oligarchqiue \u00ab\u00a0\u00e9clair\u00e9\u00a0\u00bb produisant des monceaux de recommandations v\u00e9tilleuses voulant r\u00e9gler au plus pr\u00e8s la vie de citoyens auxquels il n\u2019\u00e9tait demand\u00e9 que d\u2019ob\u00e9ir, le tout assorti de sanctions et notamment d\u2019amendes comme si les citoyens \u00e9taient demeur\u00e9s des enfants de 5 ans, \u00e2ge auquel le d\u00e9veloppement moral commence par la peur de la punition<a href=\"#_ftn2\" name=\"_ftnref2\"><sup>[2]<\/sup><\/a> <a href=\"#_ftn3\" name=\"_ftnref3\"><sup>[3]<\/sup><\/a>. Nul doute cependant que toute cette r\u00e9glementation exub\u00e9rante fut aussi li\u00e9e au souci de se pr\u00e9server des recours en justice, quel qu\u2019en soit le prix \u00e0 payer en termes de fractures soci\u00e9tales.<\/p><p>Mais l\u2019essentiel aujourd\u2019hui tient \u00e0 la prise en compte des le\u00e7ons qui doivent \u00eatre tir\u00e9es de la pand\u00e9mie. Et parmi elles une place particuli\u00e8re doit \u00eatre r\u00e9serv\u00e9e \u00e0 ce que l\u2019on pourrait appeler la vuln\u00e9rabilit\u00e9 anthropologique de notre soci\u00e9t\u00e9. Cette vuln\u00e9rabilit\u00e9 est issue du heurt entre l\u2019utilitarisme (le plus grand bien pour le plus grand nombre) et la peur envahissante de mal faire qui noya, submergea une certaine id\u00e9e de l\u2019Homme, de sa relation incarn\u00e9e au monde, \u00e0 son histoire identitaire, aux voix de l\u2019inconscient collectif qui l\u2019habite, aux liens familiaux, amicaux, sociaux qui tissent un sentiment d\u2019appartenance avec ses joies, ses peines, ses devoirs. La vuln\u00e9rabilit\u00e9 anthropologique prit ainsi la forme d\u2019une r\u00e9duction anthropologique de citoyens devenus des corps biologiques qu\u2019il fallait prot\u00e9ger du virus en oubliant que la vie humaine ne proc\u00e8de pas que de sa dimension biologique. Pour que l\u2019\u00eatre humain puisse \u00ab\u00a0pers\u00e9v\u00e9rer dans son \u00eatre\u00a0\u00bb, il ne peut pas \u00eatre r\u00e9duit \u00e0 un corps biologique (<em>K\u00f6rper<\/em>), mais il faut qu\u2019il puisse \u00eatre un\u00a0\u00ab\u00a0corps vivant\u00a0\u00bb (<em>Leib<\/em>)<a href=\"#_ftn4\" name=\"_ftnref4\"><sup>[4]<\/sup><\/a>, une personne incluse dans une histoire et dans un r\u00e9seau de relations et qui ne pouvait \u00eatre amput\u00e9e de ses dimensions psychologiques, sociales, spirituelles\u00a0: elles ne sont pas de simples ornements facultatifs de la vie, mais la condition du bien-\u00eatre. Leur absence g\u00e9n\u00e8re des souffrances qui font refluer la vie de l\u2019agir vers le p\u00e2tir<a href=\"#_ftn5\" name=\"_ftnref5\"><sup>[5]<\/sup><\/a>, et r\u00e9tractent la personne de l\u2019\u00e9lan vers autrui au repli sur un Soi<a href=\"#_ftn6\" name=\"_ftnref6\"><sup>[6]<\/sup><\/a> \u00e9teignant le d\u00e9sir m\u00eame de vivre.<\/p><p>Certes l\u2019\u00eatre humain peut accepter une certaine r\u00e9duction anthropologique \u00e0 condition que cette r\u00e9duction ne d\u00e9passe pas certaines limites et qu\u2019il puisse comprendre et s\u2019approprier le sens des mesures qui lui sont impos\u00e9es. Il en est ainsi du port de masque. Non pas qu\u2019il ne fut pas n\u00e9cessaire, mais sa prescription fut d\u00e9pouill\u00e9e de toute r\u00e9flexion sur l\u2019importance de la relation au visage. Une telle r\u00e9flexion aurait pu permettre d\u2019appliquer cette prescription avec mesure, sans empiler les pr\u00e9cautions s\u00e9curitaires cumulant la distanciation sociale et le port du masque, en permettant que les proches visitant des personnes \u00e2g\u00e9es, atteintes de maladie d\u2019Alzheimer puissent porter des masques transparents. L\u2019\u00e9thique d\u2019Emmanuel Levinas<a href=\"#_ftn7\" name=\"_ftnref7\"><sup>[7]<\/sup><\/a> comme la neuropsychologie convergent pour attester que la relation au visage fonde la reconnaissance mutuelle de deux personnes qui, m\u00eame quand la maladie perturbe les capacit\u00e9s d\u2019identification, laisse persister avec le proche un sentiment apaisant de familiarit\u00e9 et un partage \u00e9motionnel qui laissent place \u00e0 l\u2019angoisse et \u00e0 la d\u00e9tresse induites par un masque opaque.<\/p><p>Il en fut ainsi de la m\u00e9connaissance de la dimension anthropologique de la visite qui perd tout son sens si la rencontre est limit\u00e9e par la distanciation physique \u00e0 l\u2019espace extrapersonnel lointain en interdisant m\u00eame sous couvert de gel hydroalcoolique, l\u2019imp\u00e9rieux besoin de reliance<a href=\"#_ftn8\" name=\"_ftnref8\"><sup>[8]<\/sup><\/a> qu\u2019auraient pu apaiser, m\u00eame de mani\u00e8re sobre, deux mains qui s\u2019\u00e9treignent. Il est heureux que la loi, \u00e0 l\u2019issue de la pand\u00e9mie, ait pu enfin consacrer un droit de visite.<\/p><p>Il en fut ainsi de l\u2019inacceptable mutilation de la ritualit\u00e9 de la mort qui m\u00e9connut gravement le droit que l\u2019on pensait inali\u00e9nable, de manifester de mani\u00e8re ultime, le respect et la tendresse dus \u00e0 la personne d\u00e9funte pour assumer progressivement la souffrance de la s\u00e9paration et ce travail d\u2019int\u00e9riorisation et d\u2019int\u00e9gration de la perte d\u2019un \u00eatre cher que l\u2019on appelle le travail de deuil. On reste encore stup\u00e9fait , en d\u00e9pit des all\u00e8gements introduits par les gouvernants de l\u2019obstination des textes \u00e0 laisser persister le terme ambigu de \u00ab\u00a0mise en bi\u00e8re imm\u00e9diate\u00a0\u00bb qui fut consid\u00e9r\u00e9 comme l\u2019\u00e9quivalent d\u2019une interdiction qui persista longtemps au gr\u00e9 des fantasmes s\u00e9curitaires, pour justifier l\u2019interdiction faite aux proches de voir une derni\u00e8re fois le visage des d\u00e9funts. Il est \u00e0 cet \u00e9gard dommage que le d\u00e9cret du 20\u00a0octobre 2020 <a href=\"#_ftn9\" name=\"_ftnref9\"><sup>[9]<\/sup><\/a>laiss\u00e2t encore persister cette ambigu\u00eft\u00e9.<\/p><p>Il faudrait tout faire pour qu\u2019une nouvelle pand\u00e9mie puisse concilier la prise de mesures de sant\u00e9 publique dont l\u2019efficacit\u00e9 ne peut oublier la vuln\u00e9rabilit\u00e9 anthropologique de la soci\u00e9t\u00e9. Sans ce souci anthropologique dont quelques exemples seulement ont \u00e9t\u00e9 donn\u00e9s, sans la volont\u00e9 ardente de respecter l\u2019\u00eatre humain dans ses dimensions biopsychosociale et spirituelle, les soci\u00e9t\u00e9s seront condamn\u00e9s \u00e0 accepter que l\u2019humanisation passe au gr\u00e9 des crises par des salves de dissolution-reconstructions, ce qui serait une autre mani\u00e8re de se r\u00e9signer \u00e0 une r\u00e9duction anthropologique qui pourrait faire courir le risque de briser durablement la condition humaine. Voil\u00e0 sans doute une raison majeure de d\u00e9passer les ressentiments pour m\u00e9diter les le\u00e7ons de la pand\u00e9mie et pour faire ainsi acte d\u2019esp\u00e9rance, sans illusions, mais avec d\u00e9termination.<\/p><p><a href=\"#_ftnref1\" name=\"_ftn1\">[1]<\/a> Roger Gil, <em>Covid-19: une \u00e9thique sous tension. Entre sant\u00e9 publique et souffrances humaines<\/em>, Les chemins de l\u2019\u00e9thique (Bordeaux: LEH Edition, 2021).\u00a0 Roger Gil, <em>\u00c9thique et Pand\u00e9mie: panser les souffrances pour penser l\u2019avenir<\/em> (Bordeaux, France: LEH \u00c9dition, 2023).<\/p><p><a href=\"#_ftnref2\" name=\"_ftn2\">[2]<\/a> Jean Piaget, <em>Le jugement moral chez l\u2019enfant<\/em>, copie 1932 (Paris: Presses universitaires de France, 1978).<\/p><p><a href=\"#_ftnref3\" name=\"_ftn3\">[3]<\/a> L. Kohlberg, <em>Essays on Moral Development Vol. 1 The Philosophy of Moral Development<\/em>, \u00e9d. par Walter Sinnot-Amstrong (Cambridge (Massachusetts); London (England): The MIT Press, 1981).<\/p><p><a href=\"#_ftnref4\" name=\"_ftn4\">[4]<\/a> selon la terminologie propos\u00e9e par Edmund Husserl, <em>M\u00e9ditations cart\u00e9siennes: introduction \u00e0 la ph\u00e9nom\u00e9nologie<\/em>, trad. par Emmanuel Levinas et Gabrielle Peiffer (Paris: J. Vrin, 1947).<\/p><p><a href=\"#_ftnref5\" name=\"_ftn5\">[5]<\/a> Platon, <em>Oeuvres compl\u00e8tes, Tome VIII-2\u00b0 partie. Th\u00e9\u00e9t\u00e8te<\/em>, trad. par A. Di\u00e8s, Collection des universit\u00e9s de France (Paris: Les Belles Lettres, 1950).<\/p><p><a href=\"#_ftnref6\" name=\"_ftn6\">[6]<\/a> P. Ricoeur, \u00ab\u00a0La souffrance n\u2019est pas la douleur\u00a0\u00bb, in <em>Souffrances, corps et \u00e2me, \u00e9preuves partag\u00e9es<\/em>, Autrement, 1 vol., S\u00e9rie Mutations 142 (Paris, 1994).<\/p><p><a href=\"#_ftnref7\" name=\"_ftn7\">[7]<\/a> E. Levinas et Philippe Nemo, <em>\u00c9thique et infini: dialogues avec Philippe Nemo<\/em>, 1 vol., Le Livre de poche. Biblio essais (Paris, France: Librairie g\u00e9n\u00e9rale fran\u00e7aise, 1982).<\/p><p><a href=\"#_ftnref8\" name=\"_ftn8\">[8]<\/a> Edgar Morin, <em>La m\u00e9thode. 6, \u00c9thique<\/em> (Paris: Ed. du Seuil, 2006).<\/p><p><a href=\"#_ftnref9\" name=\"_ftn9\">[9]<\/a><a href=\"https:\/\/www.legifrance.gouv.fr\/jorf\/id\/JORFTEXT000042475143#:~:text=pour%20faire%20...-,D%C3%A9cret%20n%C2%B0%202020%2D1310%20du%2029%20octobre%202020%20prescrivant,l'%C3%A9tat%20d'urgence%20sanitaire&amp;text=Recherche%20simple%20dans%20le%20code%20Rechercher%20dans%20le%20texte\">https:\/\/www.legifrance.gouv.fr\/jorf\/id\/JORFTEXT000042475143#:~:text=pour%20faire%20&#8230;-,D%C3%A9cret%20n%C2%B0%202020%2D1310%20du%2029%20octobre%202020%20prescrivant,l&rsquo;%C3%A9tat%20d&rsquo;urgence%20sanitaire&amp;text=Recherche%20simple%20dans%20le%20code%20Rechercher%20dans%20le%20texte<\/a>&#8230;<\/p><p>\u00a0<\/p>\t\t\t\t\t\t\t\t<\/div>\n\t\t\t\t<\/div>\n\t\t\t\t\t<\/div>\n\t\t\t\t<\/div>\n\t\t<div class=\"elementor-element elementor-element-1113fcf e-flex e-con-boxed e-con e-parent\" data-id=\"1113fcf\" data-element_type=\"container\" data-e-type=\"container\">\n\t\t\t\t\t<div class=\"e-con-inner\">\n\t\t\t\t<div class=\"elementor-element elementor-element-4dbfd21 elementor-widget elementor-widget-text-editor\" data-id=\"4dbfd21\" data-element_type=\"widget\" data-e-type=\"widget\" data-widget_type=\"text-editor.default\">\n\t\t\t\t<div class=\"elementor-widget-container\">\n\t\t\t\t\t\t\t\t\t<p><em><strong>Le PDF peut \u00eatre consult\u00e9 en cliquant sur le lien suivant:<\/strong><\/em><\/p><p><a href=\"https:\/\/roger-gil.fr\/wp-content\/uploads\/2025\/03\/Cinq-ans-apres-la-pandemie-29-mars-2025.pdf\" target=\"_blank\" rel=\"noopener\"><em><strong>Cinq ans apr\u00e8s la pand\u00e9mie mars 2025 PDF<\/strong><\/em><\/a><\/p>\t\t\t\t\t\t\t\t<\/div>\n\t\t\t\t<\/div>\n\t\t\t\t\t<\/div>\n\t\t\t\t<\/div>\n\t\t<div class=\"elementor-element elementor-element-626b152 e-flex e-con-boxed e-con e-parent\" data-id=\"626b152\" data-element_type=\"container\" data-e-type=\"container\">\n\t\t\t\t\t<div class=\"e-con-inner\">\n\t\t\t\t<div class=\"elementor-element elementor-element-7288728 elementor-widget elementor-widget-text-editor\" data-id=\"7288728\" data-element_type=\"widget\" data-e-type=\"widget\" data-widget_type=\"text-editor.default\">\n\t\t\t\t<div class=\"elementor-widget-container\">\n\t\t\t\t\t\t\t\t\t<p><em><strong>Pour \u00e9couter la version radiophonique, cliquer sur le lien suivant<\/strong><\/em><\/p><p>\u00a0<\/p>\t\t\t\t\t\t\t\t<\/div>\n\t\t\t\t<\/div>\n\t\t\t\t\t<\/div>\n\t\t\t\t<\/div>\n\t\t<div class=\"elementor-element elementor-element-efd6cb3 e-flex e-con-boxed e-con e-parent\" data-id=\"efd6cb3\" data-element_type=\"container\" data-e-type=\"container\">\n\t\t\t\t\t<div class=\"e-con-inner\">\n\t\t\t\t<div class=\"elementor-element elementor-element-faff403 elementor-widget elementor-widget-video\" data-id=\"faff403\" data-element_type=\"widget\" data-e-type=\"widget\" data-settings=\"{&quot;youtube_url&quot;:&quot;https:\\\/\\\/youtu.be\\\/-NmjYfWRxwc&quot;,&quot;video_type&quot;:&quot;youtube&quot;,&quot;controls&quot;:&quot;yes&quot;}\" data-widget_type=\"video.default\">\n\t\t\t\t<div class=\"elementor-widget-container\">\n\t\t\t\t\t\t\t<div class=\"elementor-wrapper elementor-open-inline\">\n\t\t\t<div class=\"elementor-video\"><\/div>\t\t<\/div>\n\t\t\t\t\t\t<\/div>\n\t\t\t\t<\/div>\n\t\t\t\t\t<\/div>\n\t\t\t\t<\/div>\n\t\t\t\t<\/div>\n\t\t","protected":false},"excerpt":{"rendered":"<p>Cinq ans apr\u00e8s la pand\u00e9mie : constater la vuln\u00e9rabilit\u00e9 anthropologique d\u2019une soci\u00e9t\u00e9 en crise Roger GIL; Billet \u00e9thique; 29 mars 2025; 162 \u00a0 \u00a0 \u00a0Cinq ans apr\u00e8s le d\u00e9but de la pand\u00e9mie due au Covid-19, de nombreuses analyses sont publi\u00e9es dans la presse pour rappeler les \u00e9preuves travers\u00e9es par la soci\u00e9t\u00e9, la peur engendr\u00e9e par&hellip; <span class=\"kuorinka-read-more\"><a href=\"https:\/\/roger-gil.fr\/?p=1774\" class=\"more-link\">Lire la suite <span class=\"screen-reader-text\">Cinq ans apr\u00e8s la pand\u00e9mie : constater la vuln\u00e9rabilit\u00e9 anthropologique d\u2019une soci\u00e9t\u00e9 en crise<\/span><\/a><\/span><\/p>\n","protected":false},"author":3,"featured_media":0,"comment_status":"closed","ping_status":"open","sticky":false,"template":"","format":"standard","meta":{"_crdt_document":"","footnotes":""},"categories":[177,174],"tags":[167,143,178,168],"class_list":{"0":"post-1774","1":"post","2":"type-post","3":"status-publish","4":"format-standard","6":"category-billet-ethique-bioethique-et-societe","7":"category-bioethique","8":"tag-alzheimer","9":"tag-bioethique","10":"tag-covid-19","11":"tag-vieillissement","12":"entry"},"yoast_head":"<!-- This site is optimized with the Yoast SEO plugin v25.9 - https:\/\/yoast.com\/wordpress\/plugins\/seo\/ -->\n<title>Cinq ans apr\u00e8s la pand\u00e9mie : constater la vuln\u00e9rabilit\u00e9 anthropologique d\u2019une soci\u00e9t\u00e9 en crise - Neuropsychologie, Bio\u00e9thique, Spiritualit\u00e9<\/title>\n<meta name=\"robots\" content=\"index, follow, max-snippet:-1, max-image-preview:large, max-video-preview:-1\" \/>\n<link rel=\"canonical\" href=\"https:\/\/roger-gil.fr\/?p=1774\" \/>\n<meta property=\"og:locale\" content=\"fr_FR\" \/>\n<meta property=\"og:type\" content=\"article\" \/>\n<meta property=\"og:title\" content=\"Cinq ans apr\u00e8s la pand\u00e9mie : constater la vuln\u00e9rabilit\u00e9 anthropologique d\u2019une soci\u00e9t\u00e9 en crise - Neuropsychologie, Bio\u00e9thique, Spiritualit\u00e9\" \/>\n<meta property=\"og:description\" content=\"Cinq ans apr\u00e8s la pand\u00e9mie : constater la vuln\u00e9rabilit\u00e9 anthropologique d\u2019une soci\u00e9t\u00e9 en crise Roger GIL; Billet \u00e9thique; 29 mars 2025; 162 \u00a0 \u00a0 \u00a0Cinq ans apr\u00e8s le d\u00e9but de la pand\u00e9mie due au Covid-19, de nombreuses analyses sont publi\u00e9es dans la presse pour rappeler les \u00e9preuves travers\u00e9es par la soci\u00e9t\u00e9, la peur engendr\u00e9e par&hellip; Lire la suite Cinq ans apr\u00e8s la pand\u00e9mie : constater la vuln\u00e9rabilit\u00e9 anthropologique d\u2019une soci\u00e9t\u00e9 en crise\" \/>\n<meta property=\"og:url\" content=\"https:\/\/roger-gil.fr\/?p=1774\" \/>\n<meta property=\"og:site_name\" content=\"Neuropsychologie, Bio\u00e9thique, Spiritualit\u00e9\" \/>\n<meta property=\"article:published_time\" content=\"2025-03-29T21:38:09+00:00\" \/>\n<meta property=\"article:modified_time\" content=\"2025-03-29T23:47:09+00:00\" \/>\n<meta name=\"author\" content=\"Roger Gil\" \/>\n<meta name=\"twitter:card\" content=\"summary_large_image\" \/>\n<meta name=\"twitter:label1\" content=\"\u00c9crit par\" \/>\n\t<meta name=\"twitter:data1\" content=\"Roger Gil\" \/>\n\t<meta name=\"twitter:label2\" content=\"Dur\u00e9e de lecture estim\u00e9e\" \/>\n\t<meta name=\"twitter:data2\" content=\"8 minutes\" \/>\n<script type=\"application\/ld+json\" class=\"yoast-schema-graph\">{\"@context\":\"https:\/\/schema.org\",\"@graph\":[{\"@type\":\"Article\",\"@id\":\"https:\/\/roger-gil.fr\/?p=1774#article\",\"isPartOf\":{\"@id\":\"https:\/\/roger-gil.fr\/?p=1774\"},\"author\":{\"name\":\"Roger Gil\",\"@id\":\"https:\/\/roger-gil.fr\/#\/schema\/person\/ec69375883cbc8e97a44857780352afb\"},\"headline\":\"Cinq ans apr\u00e8s la pand\u00e9mie : constater la vuln\u00e9rabilit\u00e9 anthropologique d\u2019une soci\u00e9t\u00e9 en crise\",\"datePublished\":\"2025-03-29T21:38:09+00:00\",\"dateModified\":\"2025-03-29T23:47:09+00:00\",\"mainEntityOfPage\":{\"@id\":\"https:\/\/roger-gil.fr\/?p=1774\"},\"wordCount\":1609,\"publisher\":{\"@id\":\"https:\/\/roger-gil.fr\/#\/schema\/person\/ec69375883cbc8e97a44857780352afb\"},\"keywords\":[\"Alzheimer\",\"bio\u00e9thique\",\"Covid-19\",\"Vieillissement\"],\"articleSection\":[\"Billet \u00e9thique\/Bio\u00e9thique et soci\u00e9t\u00e9\",\"Bio\u00e9thique\"],\"inLanguage\":\"fr-FR\"},{\"@type\":\"WebPage\",\"@id\":\"https:\/\/roger-gil.fr\/?p=1774\",\"url\":\"https:\/\/roger-gil.fr\/?p=1774\",\"name\":\"Cinq ans apr\u00e8s la pand\u00e9mie : constater la vuln\u00e9rabilit\u00e9 anthropologique d\u2019une soci\u00e9t\u00e9 en crise - Neuropsychologie, Bio\u00e9thique, Spiritualit\u00e9\",\"isPartOf\":{\"@id\":\"https:\/\/roger-gil.fr\/#website\"},\"datePublished\":\"2025-03-29T21:38:09+00:00\",\"dateModified\":\"2025-03-29T23:47:09+00:00\",\"breadcrumb\":{\"@id\":\"https:\/\/roger-gil.fr\/?p=1774#breadcrumb\"},\"inLanguage\":\"fr-FR\",\"potentialAction\":[{\"@type\":\"ReadAction\",\"target\":[\"https:\/\/roger-gil.fr\/?p=1774\"]}]},{\"@type\":\"BreadcrumbList\",\"@id\":\"https:\/\/roger-gil.fr\/?p=1774#breadcrumb\",\"itemListElement\":[{\"@type\":\"ListItem\",\"position\":1,\"name\":\"Accueil\",\"item\":\"https:\/\/roger-gil.fr\/\"},{\"@type\":\"ListItem\",\"position\":2,\"name\":\"Cinq ans apr\u00e8s la pand\u00e9mie : constater la vuln\u00e9rabilit\u00e9 anthropologique d\u2019une soci\u00e9t\u00e9 en crise\"}]},{\"@type\":\"WebSite\",\"@id\":\"https:\/\/roger-gil.fr\/#website\",\"url\":\"https:\/\/roger-gil.fr\/\",\"name\":\"Neuropsychologie, Bio\u00e9thique, Spiritualit\u00e9\",\"description\":\"Roger Gil : Professeur \u00e9m\u00e9rite de neurologie, doyen honoraire de la Facult\u00e9 de m\u00e9decine pharmacie de l&#039;Universit\u00e9 de Poitiers\",\"publisher\":{\"@id\":\"https:\/\/roger-gil.fr\/#\/schema\/person\/ec69375883cbc8e97a44857780352afb\"},\"potentialAction\":[{\"@type\":\"SearchAction\",\"target\":{\"@type\":\"EntryPoint\",\"urlTemplate\":\"https:\/\/roger-gil.fr\/?s={search_term_string}\"},\"query-input\":{\"@type\":\"PropertyValueSpecification\",\"valueRequired\":true,\"valueName\":\"search_term_string\"}}],\"inLanguage\":\"fr-FR\"},{\"@type\":[\"Person\",\"Organization\"],\"@id\":\"https:\/\/roger-gil.fr\/#\/schema\/person\/ec69375883cbc8e97a44857780352afb\",\"name\":\"Roger Gil\",\"image\":{\"@type\":\"ImageObject\",\"inLanguage\":\"fr-FR\",\"@id\":\"https:\/\/roger-gil.fr\/#\/schema\/person\/image\/\",\"url\":\"https:\/\/roger-gil.fr\/wp-content\/uploads\/2025\/08\/ROGER-GIL.webp\",\"contentUrl\":\"https:\/\/roger-gil.fr\/wp-content\/uploads\/2025\/08\/ROGER-GIL.webp\",\"width\":1024,\"height\":1254,\"caption\":\"Roger Gil\"},\"logo\":{\"@id\":\"https:\/\/roger-gil.fr\/#\/schema\/person\/image\/\"},\"url\":\"https:\/\/roger-gil.fr\/?author=3\"}]}<\/script>\n<!-- \/ Yoast SEO plugin. -->","yoast_head_json":{"title":"Cinq ans apr\u00e8s la pand\u00e9mie : constater la vuln\u00e9rabilit\u00e9 anthropologique d\u2019une soci\u00e9t\u00e9 en crise - Neuropsychologie, Bio\u00e9thique, Spiritualit\u00e9","robots":{"index":"index","follow":"follow","max-snippet":"max-snippet:-1","max-image-preview":"max-image-preview:large","max-video-preview":"max-video-preview:-1"},"canonical":"https:\/\/roger-gil.fr\/?p=1774","og_locale":"fr_FR","og_type":"article","og_title":"Cinq ans apr\u00e8s la pand\u00e9mie : constater la vuln\u00e9rabilit\u00e9 anthropologique d\u2019une soci\u00e9t\u00e9 en crise - Neuropsychologie, Bio\u00e9thique, Spiritualit\u00e9","og_description":"Cinq ans apr\u00e8s la pand\u00e9mie : constater la vuln\u00e9rabilit\u00e9 anthropologique d\u2019une soci\u00e9t\u00e9 en crise Roger GIL; Billet \u00e9thique; 29 mars 2025; 162 \u00a0 \u00a0 \u00a0Cinq ans apr\u00e8s le d\u00e9but de la pand\u00e9mie due au Covid-19, de nombreuses analyses sont publi\u00e9es dans la presse pour rappeler les \u00e9preuves travers\u00e9es par la soci\u00e9t\u00e9, la peur engendr\u00e9e par&hellip; Lire la suite Cinq ans apr\u00e8s la pand\u00e9mie : constater la vuln\u00e9rabilit\u00e9 anthropologique d\u2019une soci\u00e9t\u00e9 en crise","og_url":"https:\/\/roger-gil.fr\/?p=1774","og_site_name":"Neuropsychologie, Bio\u00e9thique, Spiritualit\u00e9","article_published_time":"2025-03-29T21:38:09+00:00","article_modified_time":"2025-03-29T23:47:09+00:00","author":"Roger Gil","twitter_card":"summary_large_image","twitter_misc":{"\u00c9crit par":"Roger Gil","Dur\u00e9e de lecture estim\u00e9e":"8 minutes"},"schema":{"@context":"https:\/\/schema.org","@graph":[{"@type":"Article","@id":"https:\/\/roger-gil.fr\/?p=1774#article","isPartOf":{"@id":"https:\/\/roger-gil.fr\/?p=1774"},"author":{"name":"Roger Gil","@id":"https:\/\/roger-gil.fr\/#\/schema\/person\/ec69375883cbc8e97a44857780352afb"},"headline":"Cinq ans apr\u00e8s la pand\u00e9mie : constater la vuln\u00e9rabilit\u00e9 anthropologique d\u2019une soci\u00e9t\u00e9 en crise","datePublished":"2025-03-29T21:38:09+00:00","dateModified":"2025-03-29T23:47:09+00:00","mainEntityOfPage":{"@id":"https:\/\/roger-gil.fr\/?p=1774"},"wordCount":1609,"publisher":{"@id":"https:\/\/roger-gil.fr\/#\/schema\/person\/ec69375883cbc8e97a44857780352afb"},"keywords":["Alzheimer","bio\u00e9thique","Covid-19","Vieillissement"],"articleSection":["Billet \u00e9thique\/Bio\u00e9thique et soci\u00e9t\u00e9","Bio\u00e9thique"],"inLanguage":"fr-FR"},{"@type":"WebPage","@id":"https:\/\/roger-gil.fr\/?p=1774","url":"https:\/\/roger-gil.fr\/?p=1774","name":"Cinq ans apr\u00e8s la pand\u00e9mie : constater la vuln\u00e9rabilit\u00e9 anthropologique d\u2019une soci\u00e9t\u00e9 en crise - Neuropsychologie, Bio\u00e9thique, Spiritualit\u00e9","isPartOf":{"@id":"https:\/\/roger-gil.fr\/#website"},"datePublished":"2025-03-29T21:38:09+00:00","dateModified":"2025-03-29T23:47:09+00:00","breadcrumb":{"@id":"https:\/\/roger-gil.fr\/?p=1774#breadcrumb"},"inLanguage":"fr-FR","potentialAction":[{"@type":"ReadAction","target":["https:\/\/roger-gil.fr\/?p=1774"]}]},{"@type":"BreadcrumbList","@id":"https:\/\/roger-gil.fr\/?p=1774#breadcrumb","itemListElement":[{"@type":"ListItem","position":1,"name":"Accueil","item":"https:\/\/roger-gil.fr\/"},{"@type":"ListItem","position":2,"name":"Cinq ans apr\u00e8s la pand\u00e9mie : constater la vuln\u00e9rabilit\u00e9 anthropologique d\u2019une soci\u00e9t\u00e9 en crise"}]},{"@type":"WebSite","@id":"https:\/\/roger-gil.fr\/#website","url":"https:\/\/roger-gil.fr\/","name":"Neuropsychologie, Bio\u00e9thique, Spiritualit\u00e9","description":"Roger Gil : Professeur \u00e9m\u00e9rite de neurologie, doyen honoraire de la Facult\u00e9 de m\u00e9decine pharmacie de l&#039;Universit\u00e9 de Poitiers","publisher":{"@id":"https:\/\/roger-gil.fr\/#\/schema\/person\/ec69375883cbc8e97a44857780352afb"},"potentialAction":[{"@type":"SearchAction","target":{"@type":"EntryPoint","urlTemplate":"https:\/\/roger-gil.fr\/?s={search_term_string}"},"query-input":{"@type":"PropertyValueSpecification","valueRequired":true,"valueName":"search_term_string"}}],"inLanguage":"fr-FR"},{"@type":["Person","Organization"],"@id":"https:\/\/roger-gil.fr\/#\/schema\/person\/ec69375883cbc8e97a44857780352afb","name":"Roger Gil","image":{"@type":"ImageObject","inLanguage":"fr-FR","@id":"https:\/\/roger-gil.fr\/#\/schema\/person\/image\/","url":"https:\/\/roger-gil.fr\/wp-content\/uploads\/2025\/08\/ROGER-GIL.webp","contentUrl":"https:\/\/roger-gil.fr\/wp-content\/uploads\/2025\/08\/ROGER-GIL.webp","width":1024,"height":1254,"caption":"Roger Gil"},"logo":{"@id":"https:\/\/roger-gil.fr\/#\/schema\/person\/image\/"},"url":"https:\/\/roger-gil.fr\/?author=3"}]}},"_links":{"self":[{"href":"https:\/\/roger-gil.fr\/index.php?rest_route=\/wp\/v2\/posts\/1774","targetHints":{"allow":["GET"]}}],"collection":[{"href":"https:\/\/roger-gil.fr\/index.php?rest_route=\/wp\/v2\/posts"}],"about":[{"href":"https:\/\/roger-gil.fr\/index.php?rest_route=\/wp\/v2\/types\/post"}],"author":[{"embeddable":true,"href":"https:\/\/roger-gil.fr\/index.php?rest_route=\/wp\/v2\/users\/3"}],"replies":[{"embeddable":true,"href":"https:\/\/roger-gil.fr\/index.php?rest_route=%2Fwp%2Fv2%2Fcomments&post=1774"}],"version-history":[{"count":15,"href":"https:\/\/roger-gil.fr\/index.php?rest_route=\/wp\/v2\/posts\/1774\/revisions"}],"predecessor-version":[{"id":1796,"href":"https:\/\/roger-gil.fr\/index.php?rest_route=\/wp\/v2\/posts\/1774\/revisions\/1796"}],"wp:attachment":[{"href":"https:\/\/roger-gil.fr\/index.php?rest_route=%2Fwp%2Fv2%2Fmedia&parent=1774"}],"wp:term":[{"taxonomy":"category","embeddable":true,"href":"https:\/\/roger-gil.fr\/index.php?rest_route=%2Fwp%2Fv2%2Fcategories&post=1774"},{"taxonomy":"post_tag","embeddable":true,"href":"https:\/\/roger-gil.fr\/index.php?rest_route=%2Fwp%2Fv2%2Ftags&post=1774"}],"curies":[{"name":"wp","href":"https:\/\/api.w.org\/{rel}","templated":true}]}}