{"id":1565,"date":"2024-12-31T16:32:29","date_gmt":"2024-12-31T16:32:29","guid":{"rendered":"https:\/\/roger-gil.fr\/?p=1565"},"modified":"2024-12-31T17:14:38","modified_gmt":"2024-12-31T17:14:38","slug":"elementor-1565","status":"publish","type":"post","link":"https:\/\/roger-gil.fr\/?p=1565","title":{"rendered":"Voeux 2025: entre finitude et esp\u00e9rance"},"content":{"rendered":"\t\t<div data-elementor-type=\"wp-post\" data-elementor-id=\"1565\" class=\"elementor elementor-1565\">\n\t\t\t\t<div class=\"elementor-element elementor-element-7e96737 e-flex e-con-boxed e-con e-parent\" data-id=\"7e96737\" data-element_type=\"container\" data-e-type=\"container\">\n\t\t\t\t\t<div class=\"e-con-inner\">\n\t\t\t\t<div class=\"elementor-element elementor-element-4e74583 elementor-widget elementor-widget-heading\" data-id=\"4e74583\" data-element_type=\"widget\" data-e-type=\"widget\" data-widget_type=\"heading.default\">\n\t\t\t\t<div class=\"elementor-widget-container\">\n\t\t\t\t\t<h3 class=\"elementor-heading-title elementor-size-default\">Voeux 2025: entre finitude et esp\u00e9rance<\/h3>\t\t\t\t<\/div>\n\t\t\t\t<\/div>\n\t\t\t\t\t<\/div>\n\t\t\t\t<\/div>\n\t\t<div class=\"elementor-element elementor-element-9cb0475 e-flex e-con-boxed e-con e-parent\" data-id=\"9cb0475\" data-element_type=\"container\" data-e-type=\"container\">\n\t\t\t\t\t<div class=\"e-con-inner\">\n\t\t\t\t<div class=\"elementor-element elementor-element-085acfb elementor-widget elementor-widget-heading\" data-id=\"085acfb\" data-element_type=\"widget\" data-e-type=\"widget\" data-widget_type=\"heading.default\">\n\t\t\t\t<div class=\"elementor-widget-container\">\n\t\t\t\t\t<h4 class=\"elementor-heading-title elementor-size-default\">Roger Gil. Billet \u00e9thique, 30 d\u00e9cembre 2024, 153 <\/h4>\t\t\t\t<\/div>\n\t\t\t\t<\/div>\n\t\t\t\t\t<\/div>\n\t\t\t\t<\/div>\n\t\t<div class=\"elementor-element elementor-element-886eb03 e-flex e-con-boxed e-con e-parent\" data-id=\"886eb03\" data-element_type=\"container\" data-e-type=\"container\">\n\t\t\t\t\t<div class=\"e-con-inner\">\n\t\t\t\t<div class=\"elementor-element elementor-element-432ccf8 elementor-widget elementor-widget-text-editor\" data-id=\"432ccf8\" data-element_type=\"widget\" data-e-type=\"widget\" data-widget_type=\"text-editor.default\">\n\t\t\t\t<div class=\"elementor-widget-container\">\n\t\t\t\t\t\t\t\t\t<p>\u00a0 \u00a0 \u00a0L\u2019\u00eatre humain peut-il \u00eatre encombr\u00e9 par sa propre vie ? La vie na\u00eet, puis s\u2019\u00e9tire et s\u2019\u00e9teint. Elle peut \u00eatre parcourue d\u2019obstacles, que l\u2019on appelle des accidents ou des maladies qui rappellent l\u2019\u00eatre humain \u00e0 ses limites, celles qui enserrent une vie biologique certes complexe mais fragile par sa complexit\u00e9. L\u2019harmonie du corps vivant, du corps v\u00e9cu n\u00e9cessite le silence des organes, l\u2019efficacit\u00e9 des membres qui permettent d\u2019agir dans le monde, l\u2019int\u00e9grit\u00e9 des perceptions qui infusent le monde en nous, la pr\u00e9servation du cerveau sans lequel nous ne pouvons pas, nous ne saurions pas ressentir, penser, parler, agir. L\u2019\u00eatre humain per\u00e7oit cependant qu\u2019il est davantage encore que la somme d\u2019organes, de membres et d\u2019un cerveau. Il per\u00e7oit en lui une unit\u00e9 qui transcende ce conglom\u00e9rat biologique et quand tout va bien, il en vient \u00e0 oublier que sa vie sur terre s\u2019appuie sur ce conglom\u00e9rat biologique. Et \u00e0 ce titre, l\u2019\u00eatre humain est expos\u00e9 aux al\u00e9as de son espace corporel, ceux qui, d\u2019un bout \u00e0 l\u2019autre de la vie, \u00e0 n\u2019importe quel \u00e2ge, par maladie, par accident, viennent infl\u00e9chir, briser, suspendre la propulsion de la vie vers l\u2019avant.<\/p><p>Propulsion vers l\u2019avant mais jusqu\u2019o\u00f9\u00a0? Ce terme circonscrit le deuxi\u00e8me horizon de fragilit\u00e9 de la vie, celui-l\u00e0 m\u00eame qui indique le terme de l\u2019espace lin\u00e9aire du temps, du temps num\u00e9rique, du temps compt\u00e9, du temps mesur\u00e9. Tel est l\u2019horizon de la finitude qui rappelle que toute vie va n\u00e9cessairement vers ses moments ultimes.<\/p><p>Alors, pourquoi f\u00eater le passage \u00e0 une nouvelle ann\u00e9e\u00a0? Est-ce pour trouver dans les boucles circulaires et r\u00e9p\u00e9t\u00e9es des saisons, l\u2019impression de recommencements renouvel\u00e9s qui masqueraient la fuite du temps\u00a0? Est-ce pour se r\u00e9conforter d\u2019avoir obtenu une ann\u00e9e de plus dans le temps de vie qui nous est cr\u00e9dit\u00e9\u00a0? O\u00f9 serait-ce plut\u00f4t un moment choisi, hors du temps lin\u00e9aire, un moment choisi comme une parcelle d\u2019\u00e9ternit\u00e9 pour colorer la vie d\u2019une esp\u00e9rance. C\u2019est peut-\u00eatre ce que sugg\u00e8rent les v\u0153ux \u00e9chang\u00e9s. Ils n\u2019emp\u00eachent ni la maladie, ni l\u2019accident, ni les guerres. Mais ils dissolvent pour quelques instants la maladie, l\u2019accident dans le pr\u00e9sent d\u2019une vie dont les al\u00e9as sont partag\u00e9s. Car les al\u00e9as de la vie sont la vie \u00e0 condition que demeure entre tous les humains, jeunes, vieux, malades, bien-portants, pauvres et moins pauvres, le sentiment d\u2019appartenance \u00e0 une commune humanit\u00e9 et d\u2019une commune d\u00e9pendance \u00e0 la vie biologique. Les v\u0153ux disent ainsi l\u2019attention que les \u00eatres humains se portent les uns aux autres\u00a0; ils disent \u00e0 leur mani\u00e8re ce sentiment d\u2019une humanit\u00e9 partag\u00e9e qui en d\u00e9pit de sa fragilit\u00e9, en d\u00e9pit de sa finitude, dit son esp\u00e9rance de suppl\u00e9ments de vie dont le pr\u00e9sent continu\u00e9 porte t\u00e9moignage. Cette esp\u00e9rance peut aussi proc\u00e9der de la conviction que le destin de l\u2019\u00eatre humain ne peut \u00eatre enferm\u00e9 dans les limites de la vie biologique. La m\u00e9moire atteste d\u00e9j\u00e0 de la pr\u00e9sence d\u2019\u00eatres disparus. Pour certains la vie demeure tant qu\u2019elle vit dans la m\u00e9moire d\u2019autrui. Pour d\u2019autres l\u2019esp\u00e9rance dit aussi la foi en une vie qui quitte le corps mais qui myst\u00e9rieusement ne s\u2019\u00e9teint pas.<\/p>\t\t\t\t\t\t\t\t<\/div>\n\t\t\t\t<\/div>\n\t\t\t\t\t<\/div>\n\t\t\t\t<\/div>\n\t\t<div class=\"elementor-element elementor-element-a34bc2d e-flex e-con-boxed e-con e-parent\" data-id=\"a34bc2d\" data-element_type=\"container\" data-e-type=\"container\">\n\t\t\t\t\t<div class=\"e-con-inner\">\n\t\t\t\t<div class=\"elementor-element elementor-element-b477fea elementor-widget elementor-widget-text-editor\" data-id=\"b477fea\" data-element_type=\"widget\" data-e-type=\"widget\" data-widget_type=\"text-editor.default\">\n\t\t\t\t<div class=\"elementor-widget-container\">\n\t\t\t\t\t\t\t\t\t<p><em><strong>Pout t\u00e9l\u00e9charger le PDF, cliquer sur le lien suivant:<\/strong><\/em><\/p><p><a href=\"https:\/\/roger-gil.fr\/wp-content\/uploads\/2024\/12\/Voeux-2025-billet-153-30-12-2024.pdf\" target=\"_blank\" rel=\"noopener\"><em><strong>Voeux 2025: entre finitude et esp\u00e9rance PDF<\/strong><\/em><\/a><\/p>\t\t\t\t\t\t\t\t<\/div>\n\t\t\t\t<\/div>\n\t\t\t\t\t<\/div>\n\t\t\t\t<\/div>\n\t\t<div class=\"elementor-element elementor-element-be748fe e-flex e-con-boxed e-con e-parent\" data-id=\"be748fe\" data-element_type=\"container\" data-e-type=\"container\">\n\t\t\t\t\t<div class=\"e-con-inner\">\n\t\t\t\t<div class=\"elementor-element elementor-element-2368398 elementor-widget elementor-widget-text-editor\" data-id=\"2368398\" data-element_type=\"widget\" data-e-type=\"widget\" data-widget_type=\"text-editor.default\">\n\t\t\t\t<div class=\"elementor-widget-container\">\n\t\t\t\t\t\t\t\t\t<p><em><strong>Pour \u00e9couter la chronique radio, cliquer sur le lien suivant:<\/strong><\/em><\/p><p><iframe title=\"Chronique radiophonique Voeux 2025: entre finitude et esp\u00e9rance\" width=\"880\" height=\"660\" src=\"https:\/\/www.youtube.com\/embed\/wLhWY4drvHQ?feature=oembed\" frameborder=\"0\" allow=\"accelerometer; autoplay; clipboard-write; encrypted-media; gyroscope; picture-in-picture; web-share\" referrerpolicy=\"strict-origin-when-cross-origin\" allowfullscreen><\/iframe><\/p>\t\t\t\t\t\t\t\t<\/div>\n\t\t\t\t<\/div>\n\t\t\t\t\t<\/div>\n\t\t\t\t<\/div>\n\t\t\t\t<\/div>\n\t\t","protected":false},"excerpt":{"rendered":"<p>Voeux 2025: entre finitude et esp\u00e9rance Roger Gil. Billet \u00e9thique, 30 d\u00e9cembre 2024, 153 \u00a0 \u00a0 \u00a0L\u2019\u00eatre humain peut-il \u00eatre encombr\u00e9 par sa propre vie ? La vie na\u00eet, puis s\u2019\u00e9tire et s\u2019\u00e9teint. Elle peut \u00eatre parcourue d\u2019obstacles, que l\u2019on appelle des accidents ou des maladies qui rappellent l\u2019\u00eatre humain \u00e0 ses limites, celles qui&hellip; <span class=\"kuorinka-read-more\"><a href=\"https:\/\/roger-gil.fr\/?p=1565\" class=\"more-link\">Lire la suite <span class=\"screen-reader-text\">Voeux 2025: entre finitude et esp\u00e9rance<\/span><\/a><\/span><\/p>\n","protected":false},"author":3,"featured_media":0,"comment_status":"closed","ping_status":"open","sticky":false,"template":"","format":"standard","meta":{"_crdt_document":"","footnotes":""},"categories":[177],"tags":[143,204,181],"class_list":{"0":"post-1565","1":"post","2":"type-post","3":"status-publish","4":"format-standard","6":"category-billet-ethique-bioethique-et-societe","7":"tag-bioethique","8":"tag-chronique-radio","9":"tag-spiritualite","10":"entry"},"yoast_head":"<!-- This site is optimized with the Yoast SEO plugin v25.9 - https:\/\/yoast.com\/wordpress\/plugins\/seo\/ -->\n<title>Voeux 2025: entre finitude et esp\u00e9rance - Neuropsychologie, Bio\u00e9thique, Spiritualit\u00e9<\/title>\n<meta name=\"robots\" content=\"index, follow, max-snippet:-1, max-image-preview:large, max-video-preview:-1\" \/>\n<link rel=\"canonical\" href=\"https:\/\/roger-gil.fr\/?p=1565\" \/>\n<meta property=\"og:locale\" content=\"fr_FR\" \/>\n<meta property=\"og:type\" content=\"article\" \/>\n<meta property=\"og:title\" content=\"Voeux 2025: entre finitude et esp\u00e9rance - Neuropsychologie, Bio\u00e9thique, Spiritualit\u00e9\" \/>\n<meta property=\"og:description\" content=\"Voeux 2025: entre finitude et esp\u00e9rance Roger Gil. Billet \u00e9thique, 30 d\u00e9cembre 2024, 153 \u00a0 \u00a0 \u00a0L\u2019\u00eatre humain peut-il \u00eatre encombr\u00e9 par sa propre vie ? La vie na\u00eet, puis s\u2019\u00e9tire et s\u2019\u00e9teint. Elle peut \u00eatre parcourue d\u2019obstacles, que l\u2019on appelle des accidents ou des maladies qui rappellent l\u2019\u00eatre humain \u00e0 ses limites, celles qui&hellip; Lire la suite Voeux 2025: entre finitude et esp\u00e9rance\" \/>\n<meta property=\"og:url\" content=\"https:\/\/roger-gil.fr\/?p=1565\" \/>\n<meta property=\"og:site_name\" content=\"Neuropsychologie, Bio\u00e9thique, Spiritualit\u00e9\" \/>\n<meta property=\"article:published_time\" content=\"2024-12-31T16:32:29+00:00\" \/>\n<meta property=\"article:modified_time\" content=\"2024-12-31T17:14:38+00:00\" \/>\n<meta name=\"author\" content=\"Roger Gil\" \/>\n<meta name=\"twitter:card\" content=\"summary_large_image\" \/>\n<meta name=\"twitter:label1\" content=\"\u00c9crit par\" \/>\n\t<meta name=\"twitter:data1\" content=\"Roger Gil\" \/>\n\t<meta name=\"twitter:label2\" content=\"Dur\u00e9e de lecture estim\u00e9e\" \/>\n\t<meta name=\"twitter:data2\" content=\"3 minutes\" \/>\n<script type=\"application\/ld+json\" class=\"yoast-schema-graph\">{\"@context\":\"https:\/\/schema.org\",\"@graph\":[{\"@type\":\"Article\",\"@id\":\"https:\/\/roger-gil.fr\/?p=1565#article\",\"isPartOf\":{\"@id\":\"https:\/\/roger-gil.fr\/?p=1565\"},\"author\":{\"name\":\"Roger Gil\",\"@id\":\"https:\/\/roger-gil.fr\/#\/schema\/person\/ec69375883cbc8e97a44857780352afb\"},\"headline\":\"Voeux 2025: entre finitude et esp\u00e9rance\",\"datePublished\":\"2024-12-31T16:32:29+00:00\",\"dateModified\":\"2024-12-31T17:14:38+00:00\",\"mainEntityOfPage\":{\"@id\":\"https:\/\/roger-gil.fr\/?p=1565\"},\"wordCount\":644,\"publisher\":{\"@id\":\"https:\/\/roger-gil.fr\/#\/schema\/person\/ec69375883cbc8e97a44857780352afb\"},\"keywords\":[\"bio\u00e9thique\",\"chronique radio\",\"Spiritualit\u00e9\"],\"articleSection\":[\"Billet \u00e9thique\/Bio\u00e9thique et soci\u00e9t\u00e9\"],\"inLanguage\":\"fr-FR\"},{\"@type\":\"WebPage\",\"@id\":\"https:\/\/roger-gil.fr\/?p=1565\",\"url\":\"https:\/\/roger-gil.fr\/?p=1565\",\"name\":\"Voeux 2025: entre finitude et esp\u00e9rance - Neuropsychologie, Bio\u00e9thique, Spiritualit\u00e9\",\"isPartOf\":{\"@id\":\"https:\/\/roger-gil.fr\/#website\"},\"datePublished\":\"2024-12-31T16:32:29+00:00\",\"dateModified\":\"2024-12-31T17:14:38+00:00\",\"breadcrumb\":{\"@id\":\"https:\/\/roger-gil.fr\/?p=1565#breadcrumb\"},\"inLanguage\":\"fr-FR\",\"potentialAction\":[{\"@type\":\"ReadAction\",\"target\":[\"https:\/\/roger-gil.fr\/?p=1565\"]}]},{\"@type\":\"BreadcrumbList\",\"@id\":\"https:\/\/roger-gil.fr\/?p=1565#breadcrumb\",\"itemListElement\":[{\"@type\":\"ListItem\",\"position\":1,\"name\":\"Accueil\",\"item\":\"https:\/\/roger-gil.fr\/\"},{\"@type\":\"ListItem\",\"position\":2,\"name\":\"Voeux 2025: entre finitude et esp\u00e9rance\"}]},{\"@type\":\"WebSite\",\"@id\":\"https:\/\/roger-gil.fr\/#website\",\"url\":\"https:\/\/roger-gil.fr\/\",\"name\":\"Neuropsychologie, Bio\u00e9thique, Spiritualit\u00e9\",\"description\":\"Roger Gil : Professeur \u00e9m\u00e9rite de neurologie, doyen honoraire de la Facult\u00e9 de m\u00e9decine pharmacie de l&#039;Universit\u00e9 de Poitiers\",\"publisher\":{\"@id\":\"https:\/\/roger-gil.fr\/#\/schema\/person\/ec69375883cbc8e97a44857780352afb\"},\"potentialAction\":[{\"@type\":\"SearchAction\",\"target\":{\"@type\":\"EntryPoint\",\"urlTemplate\":\"https:\/\/roger-gil.fr\/?s={search_term_string}\"},\"query-input\":{\"@type\":\"PropertyValueSpecification\",\"valueRequired\":true,\"valueName\":\"search_term_string\"}}],\"inLanguage\":\"fr-FR\"},{\"@type\":[\"Person\",\"Organization\"],\"@id\":\"https:\/\/roger-gil.fr\/#\/schema\/person\/ec69375883cbc8e97a44857780352afb\",\"name\":\"Roger Gil\",\"image\":{\"@type\":\"ImageObject\",\"inLanguage\":\"fr-FR\",\"@id\":\"https:\/\/roger-gil.fr\/#\/schema\/person\/image\/\",\"url\":\"https:\/\/roger-gil.fr\/wp-content\/uploads\/2025\/08\/ROGER-GIL.webp\",\"contentUrl\":\"https:\/\/roger-gil.fr\/wp-content\/uploads\/2025\/08\/ROGER-GIL.webp\",\"width\":1024,\"height\":1254,\"caption\":\"Roger Gil\"},\"logo\":{\"@id\":\"https:\/\/roger-gil.fr\/#\/schema\/person\/image\/\"},\"url\":\"https:\/\/roger-gil.fr\/?author=3\"}]}<\/script>\n<!-- \/ Yoast SEO plugin. -->","yoast_head_json":{"title":"Voeux 2025: entre finitude et esp\u00e9rance - Neuropsychologie, Bio\u00e9thique, Spiritualit\u00e9","robots":{"index":"index","follow":"follow","max-snippet":"max-snippet:-1","max-image-preview":"max-image-preview:large","max-video-preview":"max-video-preview:-1"},"canonical":"https:\/\/roger-gil.fr\/?p=1565","og_locale":"fr_FR","og_type":"article","og_title":"Voeux 2025: entre finitude et esp\u00e9rance - Neuropsychologie, Bio\u00e9thique, Spiritualit\u00e9","og_description":"Voeux 2025: entre finitude et esp\u00e9rance Roger Gil. Billet \u00e9thique, 30 d\u00e9cembre 2024, 153 \u00a0 \u00a0 \u00a0L\u2019\u00eatre humain peut-il \u00eatre encombr\u00e9 par sa propre vie ? La vie na\u00eet, puis s\u2019\u00e9tire et s\u2019\u00e9teint. Elle peut \u00eatre parcourue d\u2019obstacles, que l\u2019on appelle des accidents ou des maladies qui rappellent l\u2019\u00eatre humain \u00e0 ses limites, celles qui&hellip; Lire la suite Voeux 2025: entre finitude et esp\u00e9rance","og_url":"https:\/\/roger-gil.fr\/?p=1565","og_site_name":"Neuropsychologie, Bio\u00e9thique, Spiritualit\u00e9","article_published_time":"2024-12-31T16:32:29+00:00","article_modified_time":"2024-12-31T17:14:38+00:00","author":"Roger Gil","twitter_card":"summary_large_image","twitter_misc":{"\u00c9crit par":"Roger Gil","Dur\u00e9e de lecture estim\u00e9e":"3 minutes"},"schema":{"@context":"https:\/\/schema.org","@graph":[{"@type":"Article","@id":"https:\/\/roger-gil.fr\/?p=1565#article","isPartOf":{"@id":"https:\/\/roger-gil.fr\/?p=1565"},"author":{"name":"Roger Gil","@id":"https:\/\/roger-gil.fr\/#\/schema\/person\/ec69375883cbc8e97a44857780352afb"},"headline":"Voeux 2025: entre finitude et esp\u00e9rance","datePublished":"2024-12-31T16:32:29+00:00","dateModified":"2024-12-31T17:14:38+00:00","mainEntityOfPage":{"@id":"https:\/\/roger-gil.fr\/?p=1565"},"wordCount":644,"publisher":{"@id":"https:\/\/roger-gil.fr\/#\/schema\/person\/ec69375883cbc8e97a44857780352afb"},"keywords":["bio\u00e9thique","chronique radio","Spiritualit\u00e9"],"articleSection":["Billet \u00e9thique\/Bio\u00e9thique et soci\u00e9t\u00e9"],"inLanguage":"fr-FR"},{"@type":"WebPage","@id":"https:\/\/roger-gil.fr\/?p=1565","url":"https:\/\/roger-gil.fr\/?p=1565","name":"Voeux 2025: entre finitude et esp\u00e9rance - Neuropsychologie, Bio\u00e9thique, Spiritualit\u00e9","isPartOf":{"@id":"https:\/\/roger-gil.fr\/#website"},"datePublished":"2024-12-31T16:32:29+00:00","dateModified":"2024-12-31T17:14:38+00:00","breadcrumb":{"@id":"https:\/\/roger-gil.fr\/?p=1565#breadcrumb"},"inLanguage":"fr-FR","potentialAction":[{"@type":"ReadAction","target":["https:\/\/roger-gil.fr\/?p=1565"]}]},{"@type":"BreadcrumbList","@id":"https:\/\/roger-gil.fr\/?p=1565#breadcrumb","itemListElement":[{"@type":"ListItem","position":1,"name":"Accueil","item":"https:\/\/roger-gil.fr\/"},{"@type":"ListItem","position":2,"name":"Voeux 2025: entre finitude et esp\u00e9rance"}]},{"@type":"WebSite","@id":"https:\/\/roger-gil.fr\/#website","url":"https:\/\/roger-gil.fr\/","name":"Neuropsychologie, Bio\u00e9thique, Spiritualit\u00e9","description":"Roger Gil : Professeur \u00e9m\u00e9rite de neurologie, doyen honoraire de la Facult\u00e9 de m\u00e9decine pharmacie de l&#039;Universit\u00e9 de Poitiers","publisher":{"@id":"https:\/\/roger-gil.fr\/#\/schema\/person\/ec69375883cbc8e97a44857780352afb"},"potentialAction":[{"@type":"SearchAction","target":{"@type":"EntryPoint","urlTemplate":"https:\/\/roger-gil.fr\/?s={search_term_string}"},"query-input":{"@type":"PropertyValueSpecification","valueRequired":true,"valueName":"search_term_string"}}],"inLanguage":"fr-FR"},{"@type":["Person","Organization"],"@id":"https:\/\/roger-gil.fr\/#\/schema\/person\/ec69375883cbc8e97a44857780352afb","name":"Roger Gil","image":{"@type":"ImageObject","inLanguage":"fr-FR","@id":"https:\/\/roger-gil.fr\/#\/schema\/person\/image\/","url":"https:\/\/roger-gil.fr\/wp-content\/uploads\/2025\/08\/ROGER-GIL.webp","contentUrl":"https:\/\/roger-gil.fr\/wp-content\/uploads\/2025\/08\/ROGER-GIL.webp","width":1024,"height":1254,"caption":"Roger Gil"},"logo":{"@id":"https:\/\/roger-gil.fr\/#\/schema\/person\/image\/"},"url":"https:\/\/roger-gil.fr\/?author=3"}]}},"_links":{"self":[{"href":"https:\/\/roger-gil.fr\/index.php?rest_route=\/wp\/v2\/posts\/1565","targetHints":{"allow":["GET"]}}],"collection":[{"href":"https:\/\/roger-gil.fr\/index.php?rest_route=\/wp\/v2\/posts"}],"about":[{"href":"https:\/\/roger-gil.fr\/index.php?rest_route=\/wp\/v2\/types\/post"}],"author":[{"embeddable":true,"href":"https:\/\/roger-gil.fr\/index.php?rest_route=\/wp\/v2\/users\/3"}],"replies":[{"embeddable":true,"href":"https:\/\/roger-gil.fr\/index.php?rest_route=%2Fwp%2Fv2%2Fcomments&post=1565"}],"version-history":[{"count":16,"href":"https:\/\/roger-gil.fr\/index.php?rest_route=\/wp\/v2\/posts\/1565\/revisions"}],"predecessor-version":[{"id":1589,"href":"https:\/\/roger-gil.fr\/index.php?rest_route=\/wp\/v2\/posts\/1565\/revisions\/1589"}],"wp:attachment":[{"href":"https:\/\/roger-gil.fr\/index.php?rest_route=%2Fwp%2Fv2%2Fmedia&parent=1565"}],"wp:term":[{"taxonomy":"category","embeddable":true,"href":"https:\/\/roger-gil.fr\/index.php?rest_route=%2Fwp%2Fv2%2Fcategories&post=1565"},{"taxonomy":"post_tag","embeddable":true,"href":"https:\/\/roger-gil.fr\/index.php?rest_route=%2Fwp%2Fv2%2Ftags&post=1565"}],"curies":[{"name":"wp","href":"https:\/\/api.w.org\/{rel}","templated":true}]}}