{"id":1461,"date":"2024-11-18T22:52:00","date_gmt":"2024-11-18T22:52:00","guid":{"rendered":"https:\/\/roger-gil.fr\/?p=1461"},"modified":"2024-11-18T22:58:20","modified_gmt":"2024-11-18T22:58:20","slug":"elementor-1461","status":"publish","type":"post","link":"https:\/\/roger-gil.fr\/?p=1461","title":{"rendered":"La vie, la vieillesse et la mort dans l\u2019\u0153uvre de Carl Jung"},"content":{"rendered":"\t\t<div data-elementor-type=\"wp-post\" data-elementor-id=\"1461\" class=\"elementor elementor-1461\">\n\t\t\t\t<div class=\"elementor-element elementor-element-159ac5e e-flex e-con-boxed e-con e-parent\" data-id=\"159ac5e\" data-element_type=\"container\" data-e-type=\"container\">\n\t\t\t\t\t<div class=\"e-con-inner\">\n\t\t\t\t<div class=\"elementor-element elementor-element-2eb5cd0 elementor-widget elementor-widget-heading\" data-id=\"2eb5cd0\" data-element_type=\"widget\" data-e-type=\"widget\" data-widget_type=\"heading.default\">\n\t\t\t\t<div class=\"elementor-widget-container\">\n\t\t\t\t\t<h3 class=\"elementor-heading-title elementor-size-default\">La vie, la vieillesse et la mort dans l\u2019\u0153uvre de Carl Jung \n<\/h3>\t\t\t\t<\/div>\n\t\t\t\t<\/div>\n\t\t\t\t\t<\/div>\n\t\t\t\t<\/div>\n\t\t<div class=\"elementor-element elementor-element-833a4f7 e-flex e-con-boxed e-con e-parent\" data-id=\"833a4f7\" data-element_type=\"container\" data-e-type=\"container\">\n\t\t\t\t\t<div class=\"e-con-inner\">\n\t\t\t\t<div class=\"elementor-element elementor-element-0219195 elementor-widget elementor-widget-heading\" data-id=\"0219195\" data-element_type=\"widget\" data-e-type=\"widget\" data-widget_type=\"heading.default\">\n\t\t\t\t<div class=\"elementor-widget-container\">\n\t\t\t\t\t<h4 class=\"elementor-heading-title elementor-size-default\">Life, old age and death in Carl Jung's writings<\/h4>\t\t\t\t<\/div>\n\t\t\t\t<\/div>\n\t\t\t\t\t<\/div>\n\t\t\t\t<\/div>\n\t\t<div class=\"elementor-element elementor-element-68794dd e-flex e-con-boxed e-con e-parent\" data-id=\"68794dd\" data-element_type=\"container\" data-e-type=\"container\">\n\t\t\t\t\t<div class=\"e-con-inner\">\n\t\t\t\t<div class=\"elementor-element elementor-element-c2ef775 elementor-widget elementor-widget-text-editor\" data-id=\"c2ef775\" data-element_type=\"widget\" data-e-type=\"widget\" data-widget_type=\"text-editor.default\">\n\t\t\t\t<div class=\"elementor-widget-container\">\n\t\t\t\t\t\t\t\t\t<p><em><strong>Roger Gil<\/strong><\/em><br \/><em><strong>Neurol psychiatr g\u00e9riatr, 2024<\/strong><\/em><br \/><a href=\"https:\/\/doi.org\/10.1016\/j.npg.2024.10.003\" target=\"_blank\" rel=\"noopener\">https:\/\/doi.org\/10.1016\/j.npg.2024.10.003<\/a><\/p>\t\t\t\t\t\t\t\t<\/div>\n\t\t\t\t<\/div>\n\t\t\t\t\t<\/div>\n\t\t\t\t<\/div>\n\t\t<div class=\"elementor-element elementor-element-ea48328 e-flex e-con-boxed e-con e-parent\" data-id=\"ea48328\" data-element_type=\"container\" data-e-type=\"container\">\n\t\t\t\t\t<div class=\"e-con-inner\">\n\t\t\t\t<div class=\"elementor-element elementor-element-28e1b20 elementor-widget elementor-widget-text-editor\" data-id=\"28e1b20\" data-element_type=\"widget\" data-e-type=\"widget\" data-widget_type=\"text-editor.default\">\n\t\t\t\t<div class=\"elementor-widget-container\">\n\t\t\t\t\t\t\t\t\t<p><strong>R\u00e9sum\u00e9 de l\u2019article<\/strong><\/p><p>\u00a0\u00a0\u00a0\u00a0\u00a0\u00a0\u00a0\u00a0\u00a0\u00a0\u00a0 Apr\u00e8s avoir soutenu Freud qui le consid\u00e9rait comme son successeur, Carl Gustav Jung se s\u00e9para de lui. Leur d\u00e9saccord porta notamment sur la sexualit\u00e9 que Freud consid\u00e9rait comme la cl\u00e9 de l\u2019interpr\u00e9tation de tous les comportements humains. Pour Jung la libido d\u00e9signait de mani\u00e8re g\u00e9n\u00e9rale la manifestation psychique de l\u2019\u00e9nergie vitale dont le d\u00e9sir sexuel n\u2019\u00e9tait qu\u2019une des manifestations. Jung souhaitait rester ouvert \u00e0 tout ce qui pouvait conduire l\u2019\u00eatre humain \u00e0 qu\u00eater le sens de la vie\u00a0: la spiritualit\u00e9 ne pouvait pas relever de la seule sexualit\u00e9. Jung accorda aussi une importance majeure \u00e0 ces images originelles qui surgissent dans les mythes, les r\u00eaves, les d\u00e9lires et qui t\u00e9moignent de l\u2019inconscient collectif inn\u00e9. Ces id\u00e9es contribuent \u00e0 la description que fait Jung des \u00e9tapes de la vie qu\u2019il compare, du matin de la naissance \u00e0 la nuit de la mort, au cours du soleil. Apr\u00e8s l\u2019enfance qui est un combat pour l\u2019existence du moi, vient le jeune \u00e2ge qui s\u2019\u00e9tend de la pubert\u00e9 jusqu\u2019au milieu de la vie. L\u2019\u00eatre humain doit alors transformer par la lutte sa nature primitive pour acqu\u00e9rir une existence sociale et s\u2019y adapter. Puis, \u00e0 partir de la quarantaine qui est le \u00ab\u00a0midi\u00a0\u00bb, le \u00ab\u00a0milieu\u00a0\u00bb, le \u00ab\u00a0solstice\u00a0\u00bb de la vie, commence l\u2019apr\u00e8s-midi de la vie. L\u2019\u00eatre humain, progressivement, doit accepter de se tourner vers lui-m\u00eame et tout au long de cette \u00e9tape qui le conduira \u00e0 la vieillesse, qu\u00eater le sens de sa vie, poursuivre son d\u00e9veloppement personnel, progresser dans un processus d\u2019individuation qui est r\u00e9alisation de soi-m\u00eame, r\u00e9alisation de \u00ab\u00a0son Soi\u00a0\u00bb. Le vieillissement n\u2019est donc pas un d\u00e9clin mais ouvre \u00e0 la possibilit\u00e9 d\u2019un \u00e9panouissement en se d\u00e9couvrant soi-m\u00eame, en devenant ce que l\u2019on est. La mort devient alors le but de la vie et l\u2019inconscient collectif qui plonge dans l\u2019histoire de l\u2019humanit\u00e9, conduit \u00e0 faire de la mort la porte d\u2019entr\u00e9e de l\u2019\u00e9ternit\u00e9 et donc une \u00e9tape dans le d\u00e9roulement de la vie. Il s\u2019agit bien s\u00fbr d\u2019un acte de foi, d\u2019une croyance qui \u00e9chappe au domaine scientifique. L\u2019essentiel est de se laisser porter par ces images primitives issues de l\u2019inconscient collectif m\u00eame si l\u2019on doute ou si on refuse de croire en l\u2019immortalit\u00e9.\u00a0 Et ainsi Jung invite \u00e0 ne pas confondre la croyance en Dieu et l\u2019id\u00e9e de Dieu en l\u2019homme. C\u2019est le refus d\u2019accepter le passage d\u2019une vie tourn\u00e9e vers l\u2019action et la r\u00e9ussite sociale, c\u2019est le d\u00e9sir de prolonger sans cesse la jeunesse, de se cramponner \u00e0 elle qui entra\u00eene les d\u00e9pressions et les manifestations n\u00e9vrotiques survenant dans \u00ab\u00a0l\u2019apr\u00e8s-midi de la vie\u00a0\u00bb.<\/p><p><strong>Conclusions de l\u2019article<\/strong><\/p><p>La pens\u00e9e de Jung est en coh\u00e9rence avec les r\u00e9flexions actuelles sur les concepts du \u00ab bien vieillir\u00a0\u00bb, de la \u00ab perception positive du vieillissement \u00bb ou encore du \u00ab vieillissement r\u00e9ussi\u00a0\u00bb. \u00a0Mais l&rsquo;originalit\u00e9 de la pens\u00e9e de Jung tient d&rsquo;abord \u00e0 une vision int\u00e9grative de la vieillesse dans un continuum qui concerne la totalit\u00e9 de la vie, de la naissance \u00e0 la mort. Pour Jung, la vieillesse s&rsquo;annonce et se pr\u00e9pare progressivement dans un processus continu qui, \u00e0 partir du \u00ab solstice de la vie \u00bb, la quarantaine, amorce un passage progressif d&rsquo;une existence qui privil\u00e9gie l&rsquo;action \u00e0 une existence qui vise \u00e0 approfondir l&rsquo;int\u00e9riorit\u00e9 dans un processus d&rsquo;individuation, de d\u00e9veloppement personnel, de r\u00e9alisation de \u00ab son Soi \u00bb et qui ainsi b\u00e2tit le sens de la vie. Si la vie aboutit \u00e0 la mort, s&rsquo;il faut accepter cette perspective, elle ne s&rsquo;inscrit pas dans l&rsquo;aboutissement d&rsquo;un d\u00e9clin mais comme le terme d&rsquo;un \u00e9panouissement qui tente d&rsquo;aller aussi loin que possible dans la r\u00e9alisation de Soi. L&rsquo;erreur est de se cramponner \u00e0 la jeunesse, au primat de l&rsquo;action, \u00e0 l&rsquo;ext\u00e9riorit\u00e9 et de s&rsquo;enfermer ainsi dans une \u00ab paresseuse r\u00eaverie \u00bb qui engendre \u00ab l&rsquo;angoisse de la mort, la sentimentale nostalgie du pass\u00e9 et la rage d&rsquo;\u00eatre impuissant \u00e0 emp\u00eacher l&rsquo;implacable tic-tac de l&rsquo;horloge \u00bb. Et c&rsquo;est ainsi que l&rsquo;\u00eatre humain s&rsquo;expose \u00e0 une souffrance n\u00e9vrotique qui \u00ab cherchant \u00e0 se d\u00e9rober aux n\u00e9cessit\u00e9s d&rsquo;ici-bas \u00bb, \u00ab se charge au contraire de l&rsquo;\u00e9crasant pression d&rsquo;une vieillesse et d&rsquo;une morte anticip\u00e9es \u00bb. Reste un risque d&rsquo;un autre ordre, qui \u00e9chappe \u00e0 tout contr\u00f4le et qui est celui de la d\u00e9mence qui laisse l&rsquo;individu impuissant livr\u00e9 \u00e0 la submersion de sa conscience par les flots d\u00e9vastateurs de la mer originelle\u00a0: l&rsquo;inconscient collectif.<\/p>\t\t\t\t\t\t\t\t<\/div>\n\t\t\t\t<\/div>\n\t\t\t\t\t<\/div>\n\t\t\t\t<\/div>\n\t\t<div class=\"elementor-element elementor-element-9225dea e-flex e-con-boxed e-con e-parent\" data-id=\"9225dea\" data-element_type=\"container\" data-e-type=\"container\">\n\t\t\t\t\t<div class=\"e-con-inner\">\n\t\t\t\t<div class=\"elementor-element elementor-element-202a2f3 elementor-widget elementor-widget-text-editor\" data-id=\"202a2f3\" data-element_type=\"widget\" data-e-type=\"widget\" data-widget_type=\"text-editor.default\">\n\t\t\t\t<div class=\"elementor-widget-container\">\n\t\t\t\t\t\t\t\t\t<p><strong>Pour lire l\u2019article (en acc\u00e8s libre pendant 50 jours) dans son int\u00e9gralit\u00e9, cliquer sur le lien suivant:\u00a0<\/strong><\/p><p><a href=\"https:\/\/authors.elsevier.com\/a\/1k3P0_b0JAm9fu\" target=\"_blank\" rel=\"noopener\"><strong><em>Science direct: Vie, vieillesse et mort dans l&rsquo;oeuvre de Carl Jung<\/em><\/strong><\/a><\/p><p>Autre lien. <a href=\"https:\/\/doi.org\/10.1016\/j.npg.2024.10.003\" target=\"_blank\" rel=\"noopener\"><em><strong>Doi: Vie, vieillesse et mort dans l&rsquo;oeuvre de Carl Jun<\/strong><\/em><em><strong>g<\/strong><\/em><\/a><\/p>\t\t\t\t\t\t\t\t<\/div>\n\t\t\t\t<\/div>\n\t\t\t\t\t<\/div>\n\t\t\t\t<\/div>\n\t\t\t\t<\/div>\n\t\t","protected":false},"excerpt":{"rendered":"<p>La vie, la vieillesse et la mort dans l\u2019\u0153uvre de Carl Jung Life, old age and death in Carl Jung&rsquo;s writings Roger GilNeurol psychiatr g\u00e9riatr, 2024https:\/\/doi.org\/10.1016\/j.npg.2024.10.003 R\u00e9sum\u00e9 de l\u2019article \u00a0\u00a0\u00a0\u00a0\u00a0\u00a0\u00a0\u00a0\u00a0\u00a0\u00a0 Apr\u00e8s avoir soutenu Freud qui le consid\u00e9rait comme son successeur, Carl Gustav Jung se s\u00e9para de lui. Leur d\u00e9saccord porta notamment sur la sexualit\u00e9 que&hellip; <span class=\"kuorinka-read-more\"><a href=\"https:\/\/roger-gil.fr\/?p=1461\" class=\"more-link\">Lire la suite <span class=\"screen-reader-text\">La vie, la vieillesse et la mort dans l\u2019\u0153uvre de Carl Jung<\/span><\/a><\/span><\/p>\n","protected":false},"author":3,"featured_media":0,"comment_status":"closed","ping_status":"open","sticky":false,"template":"","format":"standard","meta":{"_crdt_document":"","footnotes":""},"categories":[194,182],"tags":[181,168],"class_list":{"0":"post-1461","1":"post","2":"type-post","3":"status-publish","4":"format-standard","6":"category-litterature-philosophie-et-medecine","7":"category-publication","8":"tag-spiritualite","9":"tag-vieillissement","10":"entry"},"yoast_head":"<!-- This site is optimized with the Yoast SEO plugin v25.9 - https:\/\/yoast.com\/wordpress\/plugins\/seo\/ -->\n<title>La vie, la vieillesse et la mort dans l\u2019\u0153uvre de Carl Jung - Neuropsychologie, Bio\u00e9thique, Spiritualit\u00e9<\/title>\n<meta name=\"robots\" content=\"index, follow, max-snippet:-1, max-image-preview:large, max-video-preview:-1\" \/>\n<link rel=\"canonical\" href=\"https:\/\/roger-gil.fr\/?p=1461\" \/>\n<meta property=\"og:locale\" content=\"fr_FR\" \/>\n<meta property=\"og:type\" content=\"article\" \/>\n<meta property=\"og:title\" content=\"La vie, la vieillesse et la mort dans l\u2019\u0153uvre de Carl Jung - Neuropsychologie, Bio\u00e9thique, Spiritualit\u00e9\" \/>\n<meta property=\"og:description\" content=\"La vie, la vieillesse et la mort dans l\u2019\u0153uvre de Carl Jung Life, old age and death in Carl Jung&rsquo;s writings Roger GilNeurol psychiatr g\u00e9riatr, 2024https:\/\/doi.org\/10.1016\/j.npg.2024.10.003 R\u00e9sum\u00e9 de l\u2019article \u00a0\u00a0\u00a0\u00a0\u00a0\u00a0\u00a0\u00a0\u00a0\u00a0\u00a0 Apr\u00e8s avoir soutenu Freud qui le consid\u00e9rait comme son successeur, Carl Gustav Jung se s\u00e9para de lui. Leur d\u00e9saccord porta notamment sur la sexualit\u00e9 que&hellip; Lire la suite La vie, la vieillesse et la mort dans l\u2019\u0153uvre de Carl Jung\" \/>\n<meta property=\"og:url\" content=\"https:\/\/roger-gil.fr\/?p=1461\" \/>\n<meta property=\"og:site_name\" content=\"Neuropsychologie, Bio\u00e9thique, Spiritualit\u00e9\" \/>\n<meta property=\"article:published_time\" content=\"2024-11-18T22:52:00+00:00\" \/>\n<meta property=\"article:modified_time\" content=\"2024-11-18T22:58:20+00:00\" \/>\n<meta name=\"author\" content=\"Roger Gil\" \/>\n<meta name=\"twitter:card\" content=\"summary_large_image\" \/>\n<meta name=\"twitter:label1\" content=\"\u00c9crit par\" \/>\n\t<meta name=\"twitter:data1\" content=\"Roger Gil\" \/>\n\t<meta name=\"twitter:label2\" content=\"Dur\u00e9e de lecture estim\u00e9e\" \/>\n\t<meta name=\"twitter:data2\" content=\"4 minutes\" \/>\n<script type=\"application\/ld+json\" class=\"yoast-schema-graph\">{\"@context\":\"https:\/\/schema.org\",\"@graph\":[{\"@type\":\"Article\",\"@id\":\"https:\/\/roger-gil.fr\/?p=1461#article\",\"isPartOf\":{\"@id\":\"https:\/\/roger-gil.fr\/?p=1461\"},\"author\":{\"name\":\"Roger Gil\",\"@id\":\"https:\/\/roger-gil.fr\/#\/schema\/person\/ec69375883cbc8e97a44857780352afb\"},\"headline\":\"La vie, la vieillesse et la mort dans l\u2019\u0153uvre de Carl Jung\",\"datePublished\":\"2024-11-18T22:52:00+00:00\",\"dateModified\":\"2024-11-18T22:58:20+00:00\",\"mainEntityOfPage\":{\"@id\":\"https:\/\/roger-gil.fr\/?p=1461\"},\"wordCount\":908,\"publisher\":{\"@id\":\"https:\/\/roger-gil.fr\/#\/schema\/person\/ec69375883cbc8e97a44857780352afb\"},\"keywords\":[\"Spiritualit\u00e9\",\"Vieillissement\"],\"articleSection\":[\"Litt\u00e9rature, philosophie et m\u00e9decine\",\"Publication\"],\"inLanguage\":\"fr-FR\"},{\"@type\":\"WebPage\",\"@id\":\"https:\/\/roger-gil.fr\/?p=1461\",\"url\":\"https:\/\/roger-gil.fr\/?p=1461\",\"name\":\"La vie, la vieillesse et la mort dans l\u2019\u0153uvre de Carl Jung - Neuropsychologie, Bio\u00e9thique, Spiritualit\u00e9\",\"isPartOf\":{\"@id\":\"https:\/\/roger-gil.fr\/#website\"},\"datePublished\":\"2024-11-18T22:52:00+00:00\",\"dateModified\":\"2024-11-18T22:58:20+00:00\",\"breadcrumb\":{\"@id\":\"https:\/\/roger-gil.fr\/?p=1461#breadcrumb\"},\"inLanguage\":\"fr-FR\",\"potentialAction\":[{\"@type\":\"ReadAction\",\"target\":[\"https:\/\/roger-gil.fr\/?p=1461\"]}]},{\"@type\":\"BreadcrumbList\",\"@id\":\"https:\/\/roger-gil.fr\/?p=1461#breadcrumb\",\"itemListElement\":[{\"@type\":\"ListItem\",\"position\":1,\"name\":\"Accueil\",\"item\":\"https:\/\/roger-gil.fr\/\"},{\"@type\":\"ListItem\",\"position\":2,\"name\":\"La vie, la vieillesse et la mort dans l\u2019\u0153uvre de Carl Jung\"}]},{\"@type\":\"WebSite\",\"@id\":\"https:\/\/roger-gil.fr\/#website\",\"url\":\"https:\/\/roger-gil.fr\/\",\"name\":\"Neuropsychologie, Bio\u00e9thique, Spiritualit\u00e9\",\"description\":\"Roger Gil : Professeur \u00e9m\u00e9rite de neurologie, doyen honoraire de la Facult\u00e9 de m\u00e9decine pharmacie de l&#039;Universit\u00e9 de Poitiers\",\"publisher\":{\"@id\":\"https:\/\/roger-gil.fr\/#\/schema\/person\/ec69375883cbc8e97a44857780352afb\"},\"potentialAction\":[{\"@type\":\"SearchAction\",\"target\":{\"@type\":\"EntryPoint\",\"urlTemplate\":\"https:\/\/roger-gil.fr\/?s={search_term_string}\"},\"query-input\":{\"@type\":\"PropertyValueSpecification\",\"valueRequired\":true,\"valueName\":\"search_term_string\"}}],\"inLanguage\":\"fr-FR\"},{\"@type\":[\"Person\",\"Organization\"],\"@id\":\"https:\/\/roger-gil.fr\/#\/schema\/person\/ec69375883cbc8e97a44857780352afb\",\"name\":\"Roger Gil\",\"image\":{\"@type\":\"ImageObject\",\"inLanguage\":\"fr-FR\",\"@id\":\"https:\/\/roger-gil.fr\/#\/schema\/person\/image\/\",\"url\":\"https:\/\/roger-gil.fr\/wp-content\/uploads\/2025\/08\/ROGER-GIL.webp\",\"contentUrl\":\"https:\/\/roger-gil.fr\/wp-content\/uploads\/2025\/08\/ROGER-GIL.webp\",\"width\":1024,\"height\":1254,\"caption\":\"Roger Gil\"},\"logo\":{\"@id\":\"https:\/\/roger-gil.fr\/#\/schema\/person\/image\/\"},\"url\":\"https:\/\/roger-gil.fr\/?author=3\"}]}<\/script>\n<!-- \/ Yoast SEO plugin. -->","yoast_head_json":{"title":"La vie, la vieillesse et la mort dans l\u2019\u0153uvre de Carl Jung - Neuropsychologie, Bio\u00e9thique, Spiritualit\u00e9","robots":{"index":"index","follow":"follow","max-snippet":"max-snippet:-1","max-image-preview":"max-image-preview:large","max-video-preview":"max-video-preview:-1"},"canonical":"https:\/\/roger-gil.fr\/?p=1461","og_locale":"fr_FR","og_type":"article","og_title":"La vie, la vieillesse et la mort dans l\u2019\u0153uvre de Carl Jung - Neuropsychologie, Bio\u00e9thique, Spiritualit\u00e9","og_description":"La vie, la vieillesse et la mort dans l\u2019\u0153uvre de Carl Jung Life, old age and death in Carl Jung&rsquo;s writings Roger GilNeurol psychiatr g\u00e9riatr, 2024https:\/\/doi.org\/10.1016\/j.npg.2024.10.003 R\u00e9sum\u00e9 de l\u2019article \u00a0\u00a0\u00a0\u00a0\u00a0\u00a0\u00a0\u00a0\u00a0\u00a0\u00a0 Apr\u00e8s avoir soutenu Freud qui le consid\u00e9rait comme son successeur, Carl Gustav Jung se s\u00e9para de lui. Leur d\u00e9saccord porta notamment sur la sexualit\u00e9 que&hellip; Lire la suite La vie, la vieillesse et la mort dans l\u2019\u0153uvre de Carl Jung","og_url":"https:\/\/roger-gil.fr\/?p=1461","og_site_name":"Neuropsychologie, Bio\u00e9thique, Spiritualit\u00e9","article_published_time":"2024-11-18T22:52:00+00:00","article_modified_time":"2024-11-18T22:58:20+00:00","author":"Roger Gil","twitter_card":"summary_large_image","twitter_misc":{"\u00c9crit par":"Roger Gil","Dur\u00e9e de lecture estim\u00e9e":"4 minutes"},"schema":{"@context":"https:\/\/schema.org","@graph":[{"@type":"Article","@id":"https:\/\/roger-gil.fr\/?p=1461#article","isPartOf":{"@id":"https:\/\/roger-gil.fr\/?p=1461"},"author":{"name":"Roger Gil","@id":"https:\/\/roger-gil.fr\/#\/schema\/person\/ec69375883cbc8e97a44857780352afb"},"headline":"La vie, la vieillesse et la mort dans l\u2019\u0153uvre de Carl Jung","datePublished":"2024-11-18T22:52:00+00:00","dateModified":"2024-11-18T22:58:20+00:00","mainEntityOfPage":{"@id":"https:\/\/roger-gil.fr\/?p=1461"},"wordCount":908,"publisher":{"@id":"https:\/\/roger-gil.fr\/#\/schema\/person\/ec69375883cbc8e97a44857780352afb"},"keywords":["Spiritualit\u00e9","Vieillissement"],"articleSection":["Litt\u00e9rature, philosophie et m\u00e9decine","Publication"],"inLanguage":"fr-FR"},{"@type":"WebPage","@id":"https:\/\/roger-gil.fr\/?p=1461","url":"https:\/\/roger-gil.fr\/?p=1461","name":"La vie, la vieillesse et la mort dans l\u2019\u0153uvre de Carl Jung - Neuropsychologie, Bio\u00e9thique, Spiritualit\u00e9","isPartOf":{"@id":"https:\/\/roger-gil.fr\/#website"},"datePublished":"2024-11-18T22:52:00+00:00","dateModified":"2024-11-18T22:58:20+00:00","breadcrumb":{"@id":"https:\/\/roger-gil.fr\/?p=1461#breadcrumb"},"inLanguage":"fr-FR","potentialAction":[{"@type":"ReadAction","target":["https:\/\/roger-gil.fr\/?p=1461"]}]},{"@type":"BreadcrumbList","@id":"https:\/\/roger-gil.fr\/?p=1461#breadcrumb","itemListElement":[{"@type":"ListItem","position":1,"name":"Accueil","item":"https:\/\/roger-gil.fr\/"},{"@type":"ListItem","position":2,"name":"La vie, la vieillesse et la mort dans l\u2019\u0153uvre de Carl Jung"}]},{"@type":"WebSite","@id":"https:\/\/roger-gil.fr\/#website","url":"https:\/\/roger-gil.fr\/","name":"Neuropsychologie, Bio\u00e9thique, Spiritualit\u00e9","description":"Roger Gil : Professeur \u00e9m\u00e9rite de neurologie, doyen honoraire de la Facult\u00e9 de m\u00e9decine pharmacie de l&#039;Universit\u00e9 de Poitiers","publisher":{"@id":"https:\/\/roger-gil.fr\/#\/schema\/person\/ec69375883cbc8e97a44857780352afb"},"potentialAction":[{"@type":"SearchAction","target":{"@type":"EntryPoint","urlTemplate":"https:\/\/roger-gil.fr\/?s={search_term_string}"},"query-input":{"@type":"PropertyValueSpecification","valueRequired":true,"valueName":"search_term_string"}}],"inLanguage":"fr-FR"},{"@type":["Person","Organization"],"@id":"https:\/\/roger-gil.fr\/#\/schema\/person\/ec69375883cbc8e97a44857780352afb","name":"Roger Gil","image":{"@type":"ImageObject","inLanguage":"fr-FR","@id":"https:\/\/roger-gil.fr\/#\/schema\/person\/image\/","url":"https:\/\/roger-gil.fr\/wp-content\/uploads\/2025\/08\/ROGER-GIL.webp","contentUrl":"https:\/\/roger-gil.fr\/wp-content\/uploads\/2025\/08\/ROGER-GIL.webp","width":1024,"height":1254,"caption":"Roger Gil"},"logo":{"@id":"https:\/\/roger-gil.fr\/#\/schema\/person\/image\/"},"url":"https:\/\/roger-gil.fr\/?author=3"}]}},"_links":{"self":[{"href":"https:\/\/roger-gil.fr\/index.php?rest_route=\/wp\/v2\/posts\/1461","targetHints":{"allow":["GET"]}}],"collection":[{"href":"https:\/\/roger-gil.fr\/index.php?rest_route=\/wp\/v2\/posts"}],"about":[{"href":"https:\/\/roger-gil.fr\/index.php?rest_route=\/wp\/v2\/types\/post"}],"author":[{"embeddable":true,"href":"https:\/\/roger-gil.fr\/index.php?rest_route=\/wp\/v2\/users\/3"}],"replies":[{"embeddable":true,"href":"https:\/\/roger-gil.fr\/index.php?rest_route=%2Fwp%2Fv2%2Fcomments&post=1461"}],"version-history":[{"count":6,"href":"https:\/\/roger-gil.fr\/index.php?rest_route=\/wp\/v2\/posts\/1461\/revisions"}],"predecessor-version":[{"id":1468,"href":"https:\/\/roger-gil.fr\/index.php?rest_route=\/wp\/v2\/posts\/1461\/revisions\/1468"}],"wp:attachment":[{"href":"https:\/\/roger-gil.fr\/index.php?rest_route=%2Fwp%2Fv2%2Fmedia&parent=1461"}],"wp:term":[{"taxonomy":"category","embeddable":true,"href":"https:\/\/roger-gil.fr\/index.php?rest_route=%2Fwp%2Fv2%2Fcategories&post=1461"},{"taxonomy":"post_tag","embeddable":true,"href":"https:\/\/roger-gil.fr\/index.php?rest_route=%2Fwp%2Fv2%2Ftags&post=1461"}],"curies":[{"name":"wp","href":"https:\/\/api.w.org\/{rel}","templated":true}]}}